{"id":520,"date":"2015-07-22T14:14:01","date_gmt":"2015-07-22T18:14:01","guid":{"rendered":"http:\/\/jeanpaulsimard.com\/?p=520"},"modified":"2016-11-16T11:28:38","modified_gmt":"2016-11-16T16:28:38","slug":"la-poesie-de-la-vie","status":"publish","type":"post","link":"https:\/\/jeanpaulsimard.com\/index.php\/2015\/07\/22\/la-poesie-de-la-vie\/","title":{"rendered":"La po\u00e9sie de la vie"},"content":{"rendered":"<h2 style=\"text-align: justify;\"><span style=\"color: #99ccff;\"><strong>Dans une chronique pr\u00e9c\u00e9dente, j&rsquo;\u00e9voquais la magie de la vie et son lien avec la po\u00e9sie. Il n&rsquo;est pas n\u00e9cessaire d&rsquo;\u00e9crire des po\u00e8mes pour faire de la po\u00e9sie. N&rsquo;importe qui, dans le contexte familier de son existence, peut se comporter en v\u00e9ritable po\u00e8te. On sait d\u00e9j\u00e0 jusqu&rsquo;\u00e0 quel point la po\u00e9sie est n\u00e9cessaire \u00e0 l&rsquo;expression de l&rsquo;amour, du romantisme et du r\u00eave. Mais sait-on comment elle peut transformer notre existence au quotidien? <\/strong><\/span><\/h2>\n<h2 style=\"text-align: justify;\"><span style=\"color: #99ccff;\"><strong>Le monde s\u00e9pare volontiers po\u00e9sie et r\u00e9alit\u00e9, comme si la po\u00e9sie n&rsquo;\u00e9tait qu&rsquo;une sorte d&rsquo;ornement ou de fioriture de la vie. Mais la po\u00e9sie nous rappelle que la r\u00e9ussite de l&rsquo;existence n&rsquo;est pas seulement affaire de technique. Elle a besoin d&rsquo;un souffle que seule la po\u00e9sie peut donner. Simone Weil, cette philosophe de g\u00e9nie qui a \u00e9tonn\u00e9 le monde en travaillant une grande partie de sa vie dans les usines \u00e0 une \u00e9poque o\u00f9 la technologie \u00e9tait rudimentaire, a \u00e9crit\u00a0: \u00abLes travailleurs ont besoin de po\u00e9sie plus que de pain. Besoin que leur vie soit une po\u00e9sie. Besoin d&rsquo;une lumi\u00e8re d&rsquo;\u00e9ternit\u00e9.\u00bb Cette lumi\u00e8re d&rsquo;\u00e9ternit\u00e9, c&rsquo;est l\u2019horizon d&rsquo;\u00e9merveillement que le regard po\u00e9tique peut apporter sur les \u00eatres et les choses.<\/strong><\/span><\/h2>\n<h2><\/h2>\n<hr \/>\n<h2 style=\"text-align: justify;\"><\/h2>\n<h2 style=\"text-align: justify;\"><span style=\"color: #99ccff;\"><strong>Pour l&rsquo;exp\u00e9rimenter, je vous invite aujourd\u2019hui \u00e0 vous laisser \u00e9merveiller\u00a0 par toutes les petites choses qui vous entourent : savourer un bon petit plat, sentir la fra\u00eecheur de l&rsquo;eau sur votre peau en vous lavant, admirer une fleur, go\u00fbter et admirer la beaut\u00e9 d&rsquo;un paysage, le vent, les oiseaux, la lumi\u00e8re, \u00e9couter le chant d&rsquo;un ruisseau, contempler l&rsquo;immensit\u00e9 des espaces sid\u00e9raux. S&rsquo;abandonner au myst\u00e8re de la nuit \u00e9toil\u00e9e, ce qui faisait dire <\/strong><strong>\u00e0<\/strong><strong> Jules Renard\u00a0: <\/strong><strong>\u00ab<\/strong><strong>Il y a de la lumi<\/strong><strong>\u00e8<\/strong><strong>re ce soir chez Dieu<\/strong><strong>\u00bb. <\/strong><strong>\u00a0Vous verrez combien ces petits gestes font du bien \u00e0 l\u2019\u00e2me et d\u00e9gagent des \u00e9nergies mentales insoup\u00e7onn\u00e9es!<\/strong><\/span><\/h2>\n<h2><\/h2>\n<hr \/>\n<h2 style=\"text-align: justify;\"><\/h2>\n<h2 style=\"text-align: justify;\"><span style=\"color: #99ccff;\"><strong>Exercez-vous, en outre, \u00e0 pratiquer le regard contemplatif, partout, sur tout ce qui vous entoure. Entra\u00eenez-vous \u00e0 contempler l\u00e0 o\u00f9 nous ne faisons que voir et regarder avec indiff\u00e9rence. Nous ne pr\u00eatons plus attention au coucher du soleil, \u00e0 la lumi\u00e8re qui fait \u00e9tinceler les objets, au vert opulent de la nature, \u00e0 l&rsquo;air travers\u00e9 de parfums. Quand nous nous promenons dans un parc, nous sommes plus attentifs \u00e0 ce qui bouge qu&rsquo;\u00e0 l&rsquo;appel de tous ces paysages qui nous font respirer le bonheur. S&rsquo;exercer \u00e0 remarquer les couleurs qui influencent notre sensibilit\u00e9, les formes qui sollicitent notre attention. M\u00eame chose pour l&rsquo;expression <\/strong><strong>de ceux et celles qui nous entourent. Quand remarquons-nous <\/strong><strong>le regard engageant ou le sourire aimable d&rsquo;un voisin? <\/strong><strong>D\u00e9connect\u00e9s de nos \u00e9motions, nous sommes peu conscients des bonheurs qui s&rsquo;offrent \u00e0 nous. <\/strong><strong>Or, tout cela nous interpelle et nous rappelle, selon <\/strong><strong>la magnifique formule du po\u00e8te allemand H\u00f6lderlin, que \u00ab<em>c&rsquo;est en po\u00e8te que l&rsquo;homme habite cette terre.<\/em>\u00bb<\/strong><\/span><\/h2>\n<h2 style=\"text-align: justify;\"><span style=\"color: #99ccff;\"><strong><em>Jean-Paul Simard<\/em><\/strong><\/span><\/h2>\n<p>&nbsp;<\/p>\n<div class=\"sharedaddy sd-sharing-enabled\"><div class=\"robots-nocontent sd-block sd-social sd-social-icon-text sd-sharing\"><h3 class=\"sd-title\">Partager\u00a0:<\/h3><div class=\"sd-content\"><ul><li class=\"share-facebook\"><a rel=\"nofollow noopener noreferrer\" data-shared=\"sharing-facebook-520\" class=\"share-facebook sd-button share-icon\" href=\"https:\/\/jeanpaulsimard.com\/index.php\/2015\/07\/22\/la-poesie-de-la-vie\/?share=facebook\" target=\"_blank\" title=\"Cliquez pour partager sur Facebook\"><span>Facebook<\/span><\/a><\/li><li class=\"share-twitter\"><a rel=\"nofollow noopener noreferrer\" data-shared=\"sharing-twitter-520\" class=\"share-twitter sd-button share-icon\" href=\"https:\/\/jeanpaulsimard.com\/index.php\/2015\/07\/22\/la-poesie-de-la-vie\/?share=twitter\" target=\"_blank\" title=\"Cliquez pour partager sur Twitter\"><span>Twitter<\/span><\/a><\/li><li class=\"share-linkedin\"><a rel=\"nofollow noopener noreferrer\" data-shared=\"sharing-linkedin-520\" class=\"share-linkedin sd-button share-icon\" href=\"https:\/\/jeanpaulsimard.com\/index.php\/2015\/07\/22\/la-poesie-de-la-vie\/?share=linkedin\" target=\"_blank\" title=\"Cliquez pour partager sur LinkedIn\"><span>LinkedIn<\/span><\/a><\/li><li class=\"share-pinterest\"><a rel=\"nofollow noopener noreferrer\" data-shared=\"sharing-pinterest-520\" class=\"share-pinterest sd-button share-icon\" href=\"https:\/\/jeanpaulsimard.com\/index.php\/2015\/07\/22\/la-poesie-de-la-vie\/?share=pinterest\" target=\"_blank\" title=\"Cliquez pour partager sur Pinterest\"><span>Pinterest<\/span><\/a><\/li><li class=\"share-email\"><a rel=\"nofollow noopener noreferrer\" data-shared=\"\" class=\"share-email sd-button share-icon\" href=\"https:\/\/jeanpaulsimard.com\/index.php\/2015\/07\/22\/la-poesie-de-la-vie\/?share=email\" target=\"_blank\" title=\"Cliquez pour envoyer par e-mail \u00e0 un ami\"><span>E-mail<\/span><\/a><\/li><li class=\"share-print\"><a rel=\"nofollow noopener noreferrer\" data-shared=\"\" class=\"share-print sd-button share-icon\" href=\"https:\/\/jeanpaulsimard.com\/index.php\/2015\/07\/22\/la-poesie-de-la-vie\/\" target=\"_blank\" title=\"Cliquer pour imprimer\"><span>Imprimer<\/span><\/a><\/li><li class=\"share-end\"><\/li><\/ul><\/div><\/div><\/div>","protected":false},"excerpt":{"rendered":"<p>Dans une chronique pr\u00e9c\u00e9dente, j&rsquo;\u00e9voquais la magie de la vie et son lien avec la po\u00e9sie. Il n&rsquo;est pas n\u00e9cessaire d&rsquo;\u00e9crire des po\u00e8mes pour faire de la po\u00e9sie. N&rsquo;importe qui, dans le contexte familier de son existence, peut se comporter en v\u00e9ritable po\u00e8te. On sait d\u00e9j\u00e0 jusqu&rsquo;\u00e0 quel point la po\u00e9sie est n\u00e9cessaire \u00e0 l&rsquo;expression [&hellip;]<\/p>\n<div class=\"sharedaddy sd-sharing-enabled\"><div class=\"robots-nocontent sd-block sd-social sd-social-icon-text sd-sharing\"><h3 class=\"sd-title\">Partager\u00a0:<\/h3><div class=\"sd-content\"><ul><li class=\"share-facebook\"><a rel=\"nofollow noopener noreferrer\" data-shared=\"sharing-facebook-520\" class=\"share-facebook sd-button share-icon\" href=\"https:\/\/jeanpaulsimard.com\/index.php\/2015\/07\/22\/la-poesie-de-la-vie\/?share=facebook\" target=\"_blank\" title=\"Cliquez pour partager sur Facebook\"><span>Facebook<\/span><\/a><\/li><li class=\"share-twitter\"><a rel=\"nofollow noopener noreferrer\" data-shared=\"sharing-twitter-520\" class=\"share-twitter sd-button share-icon\" href=\"https:\/\/jeanpaulsimard.com\/index.php\/2015\/07\/22\/la-poesie-de-la-vie\/?share=twitter\" target=\"_blank\" title=\"Cliquez pour partager sur Twitter\"><span>Twitter<\/span><\/a><\/li><li class=\"share-linkedin\"><a rel=\"nofollow noopener noreferrer\" data-shared=\"sharing-linkedin-520\" class=\"share-linkedin sd-button share-icon\" href=\"https:\/\/jeanpaulsimard.com\/index.php\/2015\/07\/22\/la-poesie-de-la-vie\/?share=linkedin\" target=\"_blank\" title=\"Cliquez pour partager sur LinkedIn\"><span>LinkedIn<\/span><\/a><\/li><li class=\"share-pinterest\"><a rel=\"nofollow noopener noreferrer\" data-shared=\"sharing-pinterest-520\" class=\"share-pinterest sd-button share-icon\" href=\"https:\/\/jeanpaulsimard.com\/index.php\/2015\/07\/22\/la-poesie-de-la-vie\/?share=pinterest\" target=\"_blank\" title=\"Cliquez pour partager sur Pinterest\"><span>Pinterest<\/span><\/a><\/li><li class=\"share-email\"><a rel=\"nofollow noopener noreferrer\" data-shared=\"\" class=\"share-email sd-button share-icon\" href=\"https:\/\/jeanpaulsimard.com\/index.php\/2015\/07\/22\/la-poesie-de-la-vie\/?share=email\" target=\"_blank\" title=\"Cliquez pour envoyer par e-mail \u00e0 un ami\"><span>E-mail<\/span><\/a><\/li><li class=\"share-print\"><a rel=\"nofollow noopener noreferrer\" data-shared=\"\" class=\"share-print sd-button share-icon\" href=\"https:\/\/jeanpaulsimard.com\/index.php\/2015\/07\/22\/la-poesie-de-la-vie\/\" target=\"_blank\" title=\"Cliquer pour imprimer\"><span>Imprimer<\/span><\/a><\/li><li class=\"share-end\"><\/li><\/ul><\/div><\/div><\/div>","protected":false},"author":3,"featured_media":2198,"comment_status":"open","ping_status":"open","sticky":false,"template":"","format":"standard","meta":{"spay_email":"","jetpack_publicize_message":"","jetpack_is_tweetstorm":false},"categories":[24,60,55,56,59,58,20,52,25,48,65,64,47,61,53,57,46,63,43,44,27,51,62,2,49,45,50],"tags":[],"jetpack_featured_media_url":"https:\/\/i0.wp.com\/jeanpaulsimard.com\/wp-content\/uploads\/2015\/07\/cvety-pejzazh-polya-romashki-solnce-26719.jpg?fit=933%2C700&ssl=1","jetpack_publicize_connections":[],"jetpack_sharing_enabled":true,"jetpack_shortlink":"https:\/\/wp.me\/p6sIY6-8o","jetpack-related-posts":[{"id":517,"url":"https:\/\/jeanpaulsimard.com\/index.php\/2015\/07\/22\/la-magie-de-la-vie\/","url_meta":{"origin":520,"position":0},"title":"La magie de la vie","date":"22 juillet 2015","format":false,"excerpt":"ON PARLE SOUVENT DE LA MAGIE DE LA VIE. On la per\u00e7oit volontiers comme une sorte d'\u00e9clair venant illuminer le ciel de notre vie, au moment o\u00f9 l'on en a besoin. Particuli\u00e8rement dans ces moments de grande lassitude ou de morosit\u00e9. Mais le plus souvent, nous nous retrouvons dans l'attente\u2026","rel":"","context":"Dans &quot;Actualit\u00e9&quot;","img":{"alt_text":"","src":"","width":0,"height":0},"classes":[]},{"id":247,"url":"https:\/\/jeanpaulsimard.com\/index.php\/2015\/07\/15\/le-fjord-du-saguenay-le-parc-marin\/","url_meta":{"origin":520,"position":1},"title":"Le Fjord du Saguenay (le parc marin)","date":"15 juillet 2015","format":false,"excerpt":"\u00a0 \u00a0 \u00a0 \u00a0 \u00a0 \u00a0 \u00a0 \u00a0 \u00a0HOMMAGE \u00c0 MON FJORD \u00a0 \u00a0 \u00a0 \u00a0 \u00a0 \u00a0 \u00a0 \u00a0 (Parc marin du Saguenay) Quand, sur la Marjolaine, \u00e0 l\u2019\u00e9t\u00e9 des croisi\u00e8res, Je\u00a0 vogue\u00a0 sur\u00a0 les eaux\u00a0 de\u00a0 la rivi\u00e8re Saguenay, La vue du Fjord dans sa beaut\u00e9 sauvage et\u2026","rel":"","context":"Dans &quot;Actualit\u00e9&quot;","img":{"alt_text":"","src":"","width":0,"height":0},"classes":[]},{"id":250,"url":"https:\/\/jeanpaulsimard.com\/index.php\/2015\/07\/15\/hymne-a-ma-ville\/","url_meta":{"origin":520,"position":2},"title":"Hymne \u00e0 ma ville","date":"15 juillet 2015","format":false,"excerpt":"Un jour,\u00a0 \u00a0sur \u00a0les bords\u00a0 de \u00a0la rivi\u00e8re Saguenay Pays de neige, de lacs, de montagnes, de mar\u00e9es, Tu jaillis \u00a0tel \u00a0un \u00a0Fjord \u00a0du \u00a0courant de l\u2019histoire, Faisant d\u2019un Royaume une ville aux mille espoirs. La Baie,\u00a0 \u00a0la fabuleuse,\u00a0 berceau\u00a0 des\u00a0 origines, Chicoutimi, \u00a0\u00a0la reine,\u00a0 chef-lieu\u00a0 \u00a0de\u00a0 la mairie, Jonqui\u00e8re,\u2026","rel":"","context":"Dans \"beaut\u00e9\"","img":{"alt_text":"","src":"","width":0,"height":0},"classes":[]},{"id":1197,"url":"https:\/\/jeanpaulsimard.com\/index.php\/2015\/09\/14\/la-sagesse-du-vingt-quatre-heures-a-la-fois\/","url_meta":{"origin":520,"position":3},"title":"LA SAGESSE DU VINGT-QUATRE-HEURES \u00c0 LA FOIS","date":"14 septembre 2015","format":false,"excerpt":"CARPE DIEM Pourquoi cherches-tu l'impossible en voulant \u00e0 tout prix conna\u00eetre d'avance ce que la vie nous r\u00e9serve \u00e0 toi et \u00e0 moi ? Quoi qu'il puisse nous arriver, la sagesse n'est-elle pas de nous soumettre chacun \u00e0 notre sort ? Que la vie te r\u00e9serve encore bien des hivers\u2026","rel":"","context":"Dans &quot;Actualit\u00e9&quot;","img":{"alt_text":"L\u00c3\u00a2chez prise","src":"https:\/\/i2.wp.com\/jeanpaulsimard.com\/wp-content\/uploads\/2015\/09\/L\u00c3\u00a2chez-prise.jpg?resize=350%2C200","width":350,"height":200},"classes":[]},{"id":523,"url":"https:\/\/jeanpaulsimard.com\/index.php\/2015\/07\/22\/renaitre\/","url_meta":{"origin":520,"position":4},"title":"Rena\u00eetre !","date":"22 juillet 2015","format":false,"excerpt":"Dans la panoplie des souhaits que l'on peut faire \u00e0 quelqu'un y en a-t-il un de plus beau, de plus pertinent que celui de rena\u00eetre? Un souhait \u00e0 saveur \u00e9vang\u00e9lique, puisqu\u2019il r\u00e9pond \u00e0 la c\u00e9l\u00e8bre invitation de J\u00e9sus \u00e0 Nicod\u00e8me\u00a0: Rena\u00eetre d\u2019en haut. Mais qu\u2019est-ce que rena\u00eetre? Pour plusieurs, la\u2026","rel":"","context":"Article similaire","img":{"alt_text":"","src":"","width":0,"height":0},"classes":[]},{"id":2218,"url":"https:\/\/jeanpaulsimard.com\/index.php\/2015\/12\/31\/a-vos-souhaits-2016\/","url_meta":{"origin":520,"position":5},"title":"\u00c0 VOS SOUHAITS 2016 !","date":"31 d\u00e9cembre 2015","format":false,"excerpt":"DANS LA PANOPLIE DES SOUHAITS que l'on peut faire en ce d\u00e9but d'ann\u00e9e, y en a-t-il un de plus beau, de plus pertinent que celui de rena\u00eetre\u00a0? POUR PLUSIEURS, renaissance \u00e9voque un ph\u00e9nom\u00e8ne bien particulier\u00a0: celui de la r\u00e9incarnation. L\u00e0-dessus, pr\u00e9cisons tout de suite que le souhait que je formule\u2026","rel":"","context":"Dans &quot;Actualit\u00e9&quot;","img":{"alt_text":"B. Monginoux www.photo-paysage.com Image sous licence Creative Commons BY-NC-ND : Rappel de l'origine de l'image. Usage non commercial. Pas de modification","src":"https:\/\/i1.wp.com\/jeanpaulsimard.com\/wp-content\/uploads\/2015\/12\/fleurs.jpg?resize=350%2C200","width":350,"height":200},"classes":[]}],"_links":{"self":[{"href":"https:\/\/jeanpaulsimard.com\/index.php\/wp-json\/wp\/v2\/posts\/520"}],"collection":[{"href":"https:\/\/jeanpaulsimard.com\/index.php\/wp-json\/wp\/v2\/posts"}],"about":[{"href":"https:\/\/jeanpaulsimard.com\/index.php\/wp-json\/wp\/v2\/types\/post"}],"author":[{"embeddable":true,"href":"https:\/\/jeanpaulsimard.com\/index.php\/wp-json\/wp\/v2\/users\/3"}],"replies":[{"embeddable":true,"href":"https:\/\/jeanpaulsimard.com\/index.php\/wp-json\/wp\/v2\/comments?post=520"}],"version-history":[{"count":7,"href":"https:\/\/jeanpaulsimard.com\/index.php\/wp-json\/wp\/v2\/posts\/520\/revisions"}],"predecessor-version":[{"id":3236,"href":"https:\/\/jeanpaulsimard.com\/index.php\/wp-json\/wp\/v2\/posts\/520\/revisions\/3236"}],"wp:featuredmedia":[{"embeddable":true,"href":"https:\/\/jeanpaulsimard.com\/index.php\/wp-json\/wp\/v2\/media\/2198"}],"wp:attachment":[{"href":"https:\/\/jeanpaulsimard.com\/index.php\/wp-json\/wp\/v2\/media?parent=520"}],"wp:term":[{"taxonomy":"category","embeddable":true,"href":"https:\/\/jeanpaulsimard.com\/index.php\/wp-json\/wp\/v2\/categories?post=520"},{"taxonomy":"post_tag","embeddable":true,"href":"https:\/\/jeanpaulsimard.com\/index.php\/wp-json\/wp\/v2\/tags?post=520"}],"curies":[{"name":"wp","href":"https:\/\/api.w.org\/{rel}","templated":true}]}}