{"id":514,"date":"2015-07-22T13:56:26","date_gmt":"2015-07-22T17:56:26","guid":{"rendered":"http:\/\/jeanpaulsimard.com\/?p=514"},"modified":"2016-05-01T11:41:23","modified_gmt":"2016-05-01T15:41:23","slug":"eloge-de-la-marche","status":"publish","type":"post","link":"https:\/\/jeanpaulsimard.com\/index.php\/2015\/07\/22\/eloge-de-la-marche\/","title":{"rendered":"QUAND JE MARCHE TOUT MARCHE&#8230;"},"content":{"rendered":"<h3><img class=\"aligncenter\" src=\"https:\/\/i2.wp.com\/thumb1.shutterstock.com\/display_pic_with_logo\/298498\/299947988\/stock-photo-autumn-in-city-park-colorful-leaves-in-sun-light-empty-bench-near-the-tree-beauty-nature-scene-299947988.jpg?w=654\" alt=\"\" data-recalc-dims=\"1\" \/><\/h3>\n<h2 style=\"text-align: justify;\"><em><span style=\"color: #00ff00;\">La sagesse de la marche<\/span><\/em><\/h2>\n<h3 style=\"text-align: justify;\"><span style=\"color: #99ccff;\"><strong>QUI N\u2019AVANCE PAS RECULE ! Dans<em> \u00abAlice au Pays des Merveilles\u00bb<\/em>, la reine donne \u00e0 l&rsquo;h\u00e9ro\u00efne ce conseil: \u00abTu dois courir le plus vite possible pour rester au m\u00eame endroit. Si tu veux aller ailleurs, tu dois courir au moins deux fois plus vite que cela!\u00bb <\/strong><strong>Il n\u2019y a pas d\u2019\u00e9volution sans mouvement. <\/strong><strong>Sans mouvement la vie n\u2019est que l\u00e9thargie, voire r\u00e9gression. En ce domaine la stagnation est mortelle. La marche est une fa\u00e7on de s\u2019accrocher \u00e0 l\u2019existence, de se prouver \u00e0 soi-m\u00eame qu&rsquo;on est vivant. C&rsquo;est d&rsquo;ailleurs ce qui m&rsquo;incite moi-m\u00eame \u00e0 marcher.<\/strong><\/span><\/h3>\n<p>&nbsp;<\/p>\n<hr \/>\n<h3><\/h3>\n<h3 style=\"text-align: justify;\"><span style=\"color: #99ccff;\"><strong>\u00a0QUAND ARRIVE LA BELLE SAISON,\u00a0<\/strong>je sens en moi comme un appel irr\u00e9sistible \u00e0 sortir de chez moi et \u00e0 marcher. Je me sens un peu comme les animaux de la ferme qui ont hivern\u00e9 \u00e0 l&rsquo;int\u00e9rieur des \u00e9tables. Des fourmis dans les jambes. La s\u00e8ve de vie qui se remet \u00e0 circuler. S\u2019ajoute \u00e0 cela le go\u00fbt de marcher et de m\u00e9diter, deux activit\u00e9s qui vont tellement bien ensemble. Je l\u2019ai fait \u00e0 plusieurs reprises dans ma vie. Quelle sensation !<\/span><\/h3>\n<h3 style=\"text-align: justify;\"><span style=\"color: #99ccff;\">C\u2019est au cours de mes marches solitaires dans la nature, calme et hospitali\u00e8re, que j\u2019ai compris son importance dans mon accomplissement personnel. On dit que Goethe, un jour, \u00e9bloui par la beaut\u00e9 de la campagne suisse, s\u2019\u00e9cria\u00a0: \u00ab<em>Marche et tu deviendras meilleur!<\/em>\u00bb \u00abQuand je marche, tout marche!\u00bb, me confiait un jour quelqu\u2019un. Combien de fois, ai-je moi-m\u00eame exp\u00e9riment\u00e9 le pouvoir de m\u00e9tamorphose de la marche dans la nature !<\/span><\/h3>\n<h3 style=\"text-align: justify;\"><span style=\"color: #99ccff;\">Mon plus lointain souvenir remonte \u00e0 mon adolescence. Je me souviens d\u2019\u00eatre parti un beau matin d\u2019\u00e9t\u00e9, entre deux rang\u00e9es d\u2019arbres, la jeunesse au c\u0153ur, mon petit baluchon de r\u00eave et l\u2019appel de l\u2019infini. Il y avait en moi un tel sentiment d\u2019esp\u00e9rance et de bonheur que je crois avoir \u00e9prouv\u00e9 pour la premi\u00e8re fois l\u2019\u00e9motion spirituelle. C\u2019\u00e9tait l&rsquo;un de ces moments d\u2019une rare intensit\u00e9, qui ouvre \u00e0 des niveaux de conscience insoup\u00e7onn\u00e9s. Et pour cause!<\/span><\/h3>\n<h3 style=\"text-align: justify;\"><span style=\"color: #99ccff;\">\u00ab<em>C&rsquo;est en po\u00e8te que l&rsquo;homme habite cette terre<\/em>\u00bb, \u00e9crit Friedrich H\u00f6lderlin. En accordant son rythme \u00e0 celui de la nature, nous entrons dans un processus qui favorise le \u00abdynamisme\u00bb mental et physique, car nous puisons \u00e0 la source m\u00eame o\u00f9 tout se renouvelle et se perp\u00e9tue. Cette mani\u00e8re de vivre permet d&rsquo;acc\u00e9der au calme et \u00e0 la s\u00e9r\u00e9nit\u00e9. Vivre ainsi conf\u00e8re \u00e0 la vie un sens nouveau. \u00c0 l\u2019instar de Nietzsche, nous pouvons nous interroger\u00a0: \u00abQu\u2019est-ce que la beaut\u00e9 sinon le reflet aper\u00e7u par nous d&rsquo;une joie extraordinaire de la nature, parce qu&rsquo;une nouvelle et f\u00e9conde possibilit\u00e9 de vie vient d&rsquo;\u00eatre d\u00e9couverte?\u00bb La nature devient ainsi une puissante consolatrice, apportant chaque fois \u00e0 la personne de nouvelles esp\u00e9rances.<\/span><\/h3>\n<h3 style=\"text-align: justify;\"><span style=\"color: #99ccff;\">Tout paysage comporte une part humaine et une part d&rsquo;\u00e9ternit\u00e9. Nous prenons conscience que la nature n&rsquo;est pas seulement une entit\u00e9 mat\u00e9rielle, mais qu&rsquo;elle rec\u00e8le des tr\u00e9sors de sens. Elle nous autorise, par exemple, \u00e0 se dire\u00a0: \u00abDevant tant de lumi\u00e8re et de beaut\u00e9, comment peut-on parier sur le non-sens de la vie?\u00bb Ou encore\u00a0: \u00abComment peut-on croire en l\u2019absurdit\u00e9 de l\u2019existence?\u00bb Je ne connais pas de meilleur antidote aux sentiments d&rsquo;angoisse et d&rsquo;absurdit\u00e9. Dans les moments de grandes lassitudes, la nature est toujours l\u00e0 pour nous ouvrir son r\u00e9servoir de s\u00e9r\u00e9nit\u00e9. Chaque fois, elle nous gratifie de son immense prodigalit\u00e9 et nous fait comprendre jusqu&rsquo;\u00e0 quel point, dans la vie, \u00abtout est gr\u00e2ce\u00bb.<\/span><\/h3>\n<h3 style=\"text-align: justify;\"><span style=\"color: #99ccff;\">Et cette gr\u00e2ce r\u00e9side d\u2019abord dans le courage d&rsquo;\u00eatre qu\u2019elle communique g\u00e9n\u00e9reusement. Combien de fois la vie ressemble \u00e0 un pari sur le destin ! Elle semble alors nous dire\u00a0: \u00abMarche m\u00eame si tu ne laisses pas de trace.\u00bb Comme le marcheur dans le sable du d\u00e9sert dont les pas sont effac\u00e9s par le vent. Pas de traces derri\u00e8re soi, pas de chemin trac\u00e9 devant. Une marche o\u00f9 chaque pas est \u00e0 inventer. Une marche o\u00f9 \u00ab<em>l\u2019important, <\/em>comme dit la sagesse tib\u00e9taine, <em>est de marcher selon la longueur de ses pas.<\/em>\u00bb<\/span><\/h3>\n<h3 style=\"text-align: justify;\"><span style=\"color: #99ccff;\"><strong><em>Jean-Paul Simard<\/em><\/strong><\/span><\/h3>\n<h2><span style=\"color: #00ff00;\"><em><a style=\"color: #00ff00;\" href=\"http:\/\/jeanpaulsimard.com\/index.php\/sample-page\/pelerinage-aux-sources-de-la-vie\/\">http:\/\/jeanpaulsimard.com\/index.php\/sample-page\/pelerinage-aux-sources-de-la-vie\/<\/a><\/em><\/span><\/h2>\n<h2><\/h2>\n<hr \/>\n<h3><\/h3>\n<h3><span style=\"color: #ff9900;\"><strong>Cet article vous a plu ? Abonnez-vous\u2026 <em>Partagez l&rsquo;article au besoin&#8230;<\/em><br \/>\n<\/strong><strong>(<span style=\"color: #ffcc00;\">Abonnez-vous au bas de la page en laissant votre adresse courriel qui demeura strictement CONFIDENTIELLE)<\/span><\/strong><\/span><\/h3>\n<p>&nbsp;<\/p>\n<div class=\"sharedaddy sd-sharing-enabled\"><div class=\"robots-nocontent sd-block sd-social sd-social-icon-text sd-sharing\"><h3 class=\"sd-title\">Partager\u00a0:<\/h3><div class=\"sd-content\"><ul><li class=\"share-facebook\"><a rel=\"nofollow noopener noreferrer\" data-shared=\"sharing-facebook-514\" class=\"share-facebook sd-button share-icon\" href=\"https:\/\/jeanpaulsimard.com\/index.php\/2015\/07\/22\/eloge-de-la-marche\/?share=facebook\" target=\"_blank\" title=\"Cliquez pour partager sur Facebook\"><span>Facebook<\/span><\/a><\/li><li class=\"share-twitter\"><a rel=\"nofollow noopener noreferrer\" data-shared=\"sharing-twitter-514\" class=\"share-twitter sd-button share-icon\" href=\"https:\/\/jeanpaulsimard.com\/index.php\/2015\/07\/22\/eloge-de-la-marche\/?share=twitter\" target=\"_blank\" title=\"Cliquez pour partager sur Twitter\"><span>Twitter<\/span><\/a><\/li><li class=\"share-linkedin\"><a rel=\"nofollow noopener noreferrer\" data-shared=\"sharing-linkedin-514\" class=\"share-linkedin sd-button share-icon\" href=\"https:\/\/jeanpaulsimard.com\/index.php\/2015\/07\/22\/eloge-de-la-marche\/?share=linkedin\" target=\"_blank\" title=\"Cliquez pour partager sur LinkedIn\"><span>LinkedIn<\/span><\/a><\/li><li class=\"share-pinterest\"><a rel=\"nofollow noopener noreferrer\" data-shared=\"sharing-pinterest-514\" class=\"share-pinterest sd-button share-icon\" href=\"https:\/\/jeanpaulsimard.com\/index.php\/2015\/07\/22\/eloge-de-la-marche\/?share=pinterest\" target=\"_blank\" title=\"Cliquez pour partager sur Pinterest\"><span>Pinterest<\/span><\/a><\/li><li class=\"share-email\"><a rel=\"nofollow noopener noreferrer\" data-shared=\"\" class=\"share-email sd-button share-icon\" href=\"https:\/\/jeanpaulsimard.com\/index.php\/2015\/07\/22\/eloge-de-la-marche\/?share=email\" target=\"_blank\" title=\"Cliquez pour envoyer par e-mail \u00e0 un ami\"><span>E-mail<\/span><\/a><\/li><li class=\"share-print\"><a rel=\"nofollow noopener noreferrer\" data-shared=\"\" class=\"share-print sd-button share-icon\" href=\"https:\/\/jeanpaulsimard.com\/index.php\/2015\/07\/22\/eloge-de-la-marche\/\" target=\"_blank\" title=\"Cliquer pour imprimer\"><span>Imprimer<\/span><\/a><\/li><li class=\"share-end\"><\/li><\/ul><\/div><\/div><\/div>","protected":false},"excerpt":{"rendered":"<p>La sagesse de la marche QUI N\u2019AVANCE PAS RECULE ! Dans \u00abAlice au Pays des Merveilles\u00bb, la reine donne \u00e0 l&rsquo;h\u00e9ro\u00efne ce conseil: \u00abTu dois courir le plus vite possible pour rester au m\u00eame endroit. Si tu veux aller ailleurs, tu dois courir au moins deux fois plus vite que cela!\u00bb Il n\u2019y a pas [&hellip;]<\/p>\n<div class=\"sharedaddy sd-sharing-enabled\"><div class=\"robots-nocontent sd-block sd-social sd-social-icon-text sd-sharing\"><h3 class=\"sd-title\">Partager\u00a0:<\/h3><div class=\"sd-content\"><ul><li class=\"share-facebook\"><a rel=\"nofollow noopener noreferrer\" data-shared=\"sharing-facebook-514\" class=\"share-facebook sd-button share-icon\" href=\"https:\/\/jeanpaulsimard.com\/index.php\/2015\/07\/22\/eloge-de-la-marche\/?share=facebook\" target=\"_blank\" title=\"Cliquez pour partager sur Facebook\"><span>Facebook<\/span><\/a><\/li><li class=\"share-twitter\"><a rel=\"nofollow noopener noreferrer\" data-shared=\"sharing-twitter-514\" class=\"share-twitter sd-button share-icon\" href=\"https:\/\/jeanpaulsimard.com\/index.php\/2015\/07\/22\/eloge-de-la-marche\/?share=twitter\" target=\"_blank\" title=\"Cliquez pour partager sur Twitter\"><span>Twitter<\/span><\/a><\/li><li class=\"share-linkedin\"><a rel=\"nofollow noopener noreferrer\" data-shared=\"sharing-linkedin-514\" class=\"share-linkedin sd-button share-icon\" href=\"https:\/\/jeanpaulsimard.com\/index.php\/2015\/07\/22\/eloge-de-la-marche\/?share=linkedin\" target=\"_blank\" title=\"Cliquez pour partager sur LinkedIn\"><span>LinkedIn<\/span><\/a><\/li><li class=\"share-pinterest\"><a rel=\"nofollow noopener noreferrer\" data-shared=\"sharing-pinterest-514\" class=\"share-pinterest sd-button share-icon\" href=\"https:\/\/jeanpaulsimard.com\/index.php\/2015\/07\/22\/eloge-de-la-marche\/?share=pinterest\" target=\"_blank\" title=\"Cliquez pour partager sur Pinterest\"><span>Pinterest<\/span><\/a><\/li><li class=\"share-email\"><a rel=\"nofollow noopener noreferrer\" data-shared=\"\" class=\"share-email sd-button share-icon\" href=\"https:\/\/jeanpaulsimard.com\/index.php\/2015\/07\/22\/eloge-de-la-marche\/?share=email\" target=\"_blank\" title=\"Cliquez pour envoyer par e-mail \u00e0 un ami\"><span>E-mail<\/span><\/a><\/li><li class=\"share-print\"><a rel=\"nofollow noopener noreferrer\" data-shared=\"\" class=\"share-print sd-button share-icon\" href=\"https:\/\/jeanpaulsimard.com\/index.php\/2015\/07\/22\/eloge-de-la-marche\/\" target=\"_blank\" title=\"Cliquer pour imprimer\"><span>Imprimer<\/span><\/a><\/li><li class=\"share-end\"><\/li><\/ul><\/div><\/div><\/div>","protected":false},"author":3,"featured_media":0,"comment_status":"open","ping_status":"open","sticky":false,"template":"","format":"standard","meta":{"spay_email":"","jetpack_publicize_message":"","jetpack_is_tweetstorm":false},"categories":[24,20,25,48,47,46,43,44,27,2,49,45],"tags":[],"jetpack_featured_media_url":"","jetpack_publicize_connections":[],"jetpack_sharing_enabled":true,"jetpack_shortlink":"https:\/\/wp.me\/p6sIY6-8i","jetpack-related-posts":[{"id":2103,"url":"https:\/\/jeanpaulsimard.com\/index.php\/2015\/12\/05\/saviez-vous-que-nous-possedons-un-selfie-de-dieu\/","url_meta":{"origin":514,"position":0},"title":"SAVIEZ-VOUS QUE NOUS POSS\u00c9DONS UN \u00abSELFIE\u00bb DE DIEU ?","date":"5 d\u00e9cembre 2015","format":false,"excerpt":"QUI EST DIEU ? On dit que LA QUESTION LA PLUS POS\u00c9E sur Google\u00a0est \u00ab QUI EST DIEU ? \u00bb Peut-on se faire UNE IMAGE DE DIEU ? Peut-on imaginer une forme quelconque de repr\u00e9sentation de Dieu ? Dieu personne ne l'a vu Certes, on ne peut obtenir UN PORTRAIT\u2026","rel":"","context":"Dans &quot;Actualit\u00e9&quot;","img":{"alt_text":"sixtine","src":"https:\/\/i1.wp.com\/jeanpaulsimard.com\/wp-content\/uploads\/2015\/12\/sixtine.jpg?resize=350%2C200","width":350,"height":200},"classes":[]},{"id":1468,"url":"https:\/\/jeanpaulsimard.com\/index.php\/2015\/09\/22\/le-mythe-du-bonheur-a-tout-prix\/","url_meta":{"origin":514,"position":1},"title":"LE MYTHE DU BONHEUR \u00c0 TOUT PRIX","date":"22 septembre 2015","format":false,"excerpt":"SOMMES-NOUS VRAIMENT FAITS POUR LE BONHEUR ? \u00abTout le monde est malheureux tout le temps.\u00bb (C\u00e9l\u00e8bre chanson de Gilles Vigneault) CONNAISSEZ-VOUS la loi de \u00a0\u00ab l\u2019inoptimum \u00bb ? Cette loi a \u00e9t\u00e9 formul\u00e9e, il y a quelques ann\u00e9es, par le grand \u00e9cologiste qu\u00e9b\u00e9cois Pierre Dansereau. Elle concerne l'\u00e9cologie, mais elle\u2026","rel":"","context":"Dans &quot;Actualit\u00e9&quot;","img":{"alt_text":"696-nuage-WallFizz","src":"https:\/\/i0.wp.com\/jeanpaulsimard.com\/wp-content\/uploads\/2015\/09\/696-nuage-WallFizz-1-1024x768.jpg?resize=350%2C200","width":350,"height":200},"classes":[]},{"id":3200,"url":"https:\/\/jeanpaulsimard.com\/index.php\/2016\/10\/30\/mon-pari-sur-dieu\/","url_meta":{"origin":514,"position":2},"title":"\u00abMON PARI SUR DIEU\u00bb","date":"30 octobre 2016","format":false,"excerpt":"A Pour lire l'article, cliquez ici : http:\/\/jeanpaulsimard.com\/wp-content\/uploads\/2016\/10\/VIVRE-DOSSIER-SUR-DIEU-ilovepdf-compressed.pdf\u00a0 (Article paru dans le magazine\u00a0VIVRE) POUR ALLER PLUS LOIN : Lisez une proposition de Dieu qui ne vous laissera pas indiff\u00e9rent...\u00a0 http:\/\/jeanpaulsimard.com\/index.php\/sample-page\/renouer-avec-dieu\/ MON PARI SUR DIEU LE \u00a0C\u00c9L\u00c8BRE professeur de psychiatrie, David Servan-Schreiber, maintenant d\u00e9c\u00e9d\u00e9, donna un jour ce t\u00e9moignage: \u00ab\u00c0 15\u2026","rel":"","context":"Dans &quot;Actualit\u00e9&quot;","img":{"alt_text":"","src":"https:\/\/i1.wp.com\/jeanpaulsimard.com\/wp-content\/uploads\/2015\/12\/sixtine.jpg?resize=350%2C200","width":350,"height":200},"classes":[]},{"id":1735,"url":"https:\/\/jeanpaulsimard.com\/index.php\/2015\/10\/11\/quentend-on-par-spirituel\/","url_meta":{"origin":514,"position":3},"title":"QU'ENTEND-ON PAR SPIRITUEL ?","date":"11 octobre 2015","format":false,"excerpt":"IL EXISTE TOUTES SORTES DE D\u00c9FINITIONS DU SPIRITUEL plus ou moins justes qui entra\u00eenent dans des exp\u00e9riences non moins vari\u00e9es et plus ou moins recommandables. Je vous partage ici un point de vue qui, je crois, ralliera beaucoup de monde. http:\/\/jeanpaulsimard.com\/wp-content\/uploads\/2019\/12\/article.pdf LA D\u00c9FINITION DU SPIRITUEL que je pr\u00e9f\u00e8re est celle\u2026","rel":"","context":"Dans &quot;Actualit\u00e9&quot;","img":{"alt_text":"","src":"https:\/\/i2.wp.com\/jeanpaulsimard.com\/wp-content\/uploads\/2015\/10\/ob_fe2d02_spiritualite1.jpg?resize=350%2C200","width":350,"height":200},"classes":[]},{"id":1197,"url":"https:\/\/jeanpaulsimard.com\/index.php\/2015\/09\/14\/la-sagesse-du-vingt-quatre-heures-a-la-fois\/","url_meta":{"origin":514,"position":4},"title":"LA SAGESSE DU VINGT-QUATRE-HEURES \u00c0 LA FOIS","date":"14 septembre 2015","format":false,"excerpt":"CARPE DIEM Pourquoi cherches-tu l'impossible en voulant \u00e0 tout prix conna\u00eetre d'avance ce que la vie nous r\u00e9serve \u00e0 toi et \u00e0 moi ? Quoi qu'il puisse nous arriver, la sagesse n'est-elle pas de nous soumettre chacun \u00e0 notre sort ? Que la vie te r\u00e9serve encore bien des hivers\u2026","rel":"","context":"Dans &quot;Actualit\u00e9&quot;","img":{"alt_text":"L\u00c3\u00a2chez prise","src":"https:\/\/i2.wp.com\/jeanpaulsimard.com\/wp-content\/uploads\/2015\/09\/L\u00c3\u00a2chez-prise.jpg?resize=350%2C200","width":350,"height":200},"classes":[]},{"id":523,"url":"https:\/\/jeanpaulsimard.com\/index.php\/2015\/07\/22\/renaitre\/","url_meta":{"origin":514,"position":5},"title":"Rena\u00eetre !","date":"22 juillet 2015","format":false,"excerpt":"Dans la panoplie des souhaits que l'on peut faire \u00e0 quelqu'un y en a-t-il un de plus beau, de plus pertinent que celui de rena\u00eetre? Un souhait \u00e0 saveur \u00e9vang\u00e9lique, puisqu\u2019il r\u00e9pond \u00e0 la c\u00e9l\u00e8bre invitation de J\u00e9sus \u00e0 Nicod\u00e8me\u00a0: Rena\u00eetre d\u2019en haut. Mais qu\u2019est-ce que rena\u00eetre? Pour plusieurs, la\u2026","rel":"","context":"Article similaire","img":{"alt_text":"","src":"","width":0,"height":0},"classes":[]}],"_links":{"self":[{"href":"https:\/\/jeanpaulsimard.com\/index.php\/wp-json\/wp\/v2\/posts\/514"}],"collection":[{"href":"https:\/\/jeanpaulsimard.com\/index.php\/wp-json\/wp\/v2\/posts"}],"about":[{"href":"https:\/\/jeanpaulsimard.com\/index.php\/wp-json\/wp\/v2\/types\/post"}],"author":[{"embeddable":true,"href":"https:\/\/jeanpaulsimard.com\/index.php\/wp-json\/wp\/v2\/users\/3"}],"replies":[{"embeddable":true,"href":"https:\/\/jeanpaulsimard.com\/index.php\/wp-json\/wp\/v2\/comments?post=514"}],"version-history":[{"count":19,"href":"https:\/\/jeanpaulsimard.com\/index.php\/wp-json\/wp\/v2\/posts\/514\/revisions"}],"predecessor-version":[{"id":2988,"href":"https:\/\/jeanpaulsimard.com\/index.php\/wp-json\/wp\/v2\/posts\/514\/revisions\/2988"}],"wp:attachment":[{"href":"https:\/\/jeanpaulsimard.com\/index.php\/wp-json\/wp\/v2\/media?parent=514"}],"wp:term":[{"taxonomy":"category","embeddable":true,"href":"https:\/\/jeanpaulsimard.com\/index.php\/wp-json\/wp\/v2\/categories?post=514"},{"taxonomy":"post_tag","embeddable":true,"href":"https:\/\/jeanpaulsimard.com\/index.php\/wp-json\/wp\/v2\/tags?post=514"}],"curies":[{"name":"wp","href":"https:\/\/api.w.org\/{rel}","templated":true}]}}