{"id":3430,"date":"2017-05-28T10:42:43","date_gmt":"2017-05-28T14:42:43","guid":{"rendered":"http:\/\/jeanpaulsimard.com\/?p=3430"},"modified":"2022-02-25T08:26:18","modified_gmt":"2022-02-25T13:26:18","slug":"ma-priere-universelle-pour-la-paix","status":"publish","type":"post","link":"https:\/\/jeanpaulsimard.com\/index.php\/2017\/05\/28\/ma-priere-universelle-pour-la-paix\/","title":{"rendered":"MA PRI\u00c8RE UNIVERSELLE POUR LA PAIX"},"content":{"rendered":"<h3><span style=\"color: #ff9900;\"><a href=\"https:\/\/i1.wp.com\/jeanpaulsimard.com\/wp-content\/uploads\/2017\/05\/906x510.jpg\"><img loading=\"lazy\" class=\"size-full wp-image-3452 aligncenter\" src=\"https:\/\/i1.wp.com\/jeanpaulsimard.com\/wp-content\/uploads\/2017\/05\/906x510.jpg?resize=654%2C368\" alt=\"\" width=\"654\" height=\"368\" srcset=\"https:\/\/i1.wp.com\/jeanpaulsimard.com\/wp-content\/uploads\/2017\/05\/906x510.jpg?w=906&amp;ssl=1 906w, https:\/\/i1.wp.com\/jeanpaulsimard.com\/wp-content\/uploads\/2017\/05\/906x510.jpg?resize=300%2C169&amp;ssl=1 300w, https:\/\/i1.wp.com\/jeanpaulsimard.com\/wp-content\/uploads\/2017\/05\/906x510.jpg?resize=768%2C432&amp;ssl=1 768w, https:\/\/i1.wp.com\/jeanpaulsimard.com\/wp-content\/uploads\/2017\/05\/906x510.jpg?resize=2%2C1&amp;ssl=1 2w\" sizes=\"(max-width: 654px) 100vw, 654px\" data-recalc-dims=\"1\" \/><\/a><\/span><\/h3>\n<h3><span style=\"color: #ff9900;\">J\u2019ai compos\u00e9 cette pri\u00e8re universelle pour la paix. Qui veut la dire avec moi ? Plus nous serons nombreux \u00e0 la dire et plus nous aurons de chances de toucher le c\u0153ur de Dieu\u2026 PARTAGEZ-LA LE PLUS POSSIBLE\u2026<\/span><\/h3>\n<h3><em><span style=\"color: #ff9900;\">(\u00c0 dire en famille, avant une r\u00e9union, dans un office religieux, lors d&rsquo;un spectacle culturel, sportif ou autre. Il n&rsquo;y a aucun droit d&rsquo;auteur sur cette pri\u00e8re.)<\/span><\/em><\/h3>\n<h2 style=\"text-align: left;\">\u00a0<\/h2>\n<h2 style=\"text-align: left;\">\u00a0 \u00a0 \u00a0 \u00a0 \u00a0 \u00a0 \u00a0 <span style=\"color: #99ccff;\">PRI\u00c8RE UNIVERSELLE POUR LA PAIX<\/span><\/h2>\n<h2 style=\"text-align: left;\"><span style=\"color: #99ccff;\">DIEU de l&rsquo;UNIVERS,<br \/><\/span><span style=\"color: #99ccff;\">TOI, P\u00c8RE de tous les humains,<\/span><br \/><span style=\"color: #99ccff;\">quel que soit le nom avec lequel les peuples t&rsquo;implorent,<\/span><br \/><span style=\"color: #99ccff;\">nous reconnaissons ton gouvernement divin<\/span><br \/><span style=\"color: #99ccff;\">et nous demandons ton aide pour la paix dans le monde.<\/span><br \/><span style=\"color: #99ccff;\">Ouvre nos c\u0153urs \u00e0 l&rsquo;amour, \u00e0 la compassion et au partage.<\/span><br \/><span style=\"color: #99ccff;\">Fais de la Terre notre \u00abmaison commune\u00bb \u00e0 tous.<\/span><br \/><span style=\"color: #99ccff;\">Ne laisse personne tomber hors du tissu de la vie.<\/span><br \/><span style=\"color: #99ccff;\">AMEN !<\/span><br \/><span style=\"color: #99ccff;\">\u00a0 \u00a0 \u00a0 \u00a0 \u00a0 \u00a0 \u00a0 \u00a0 \u00a0 \u00a0 \u00a0 \u00a0\u00a0<\/span><\/h2>\n<hr \/>\n<h2><span style=\"color: #ff6600;\">LISEZ\u00a0: MON PARI SUR DIEU<\/span><\/h2>\n<h2><span style=\"color: #ff6600;\"><a style=\"color: #ff6600;\" href=\"http:\/\/jeanpaulsimard.com\/index.php\/2016\/10\/30\/mon-pari-sur-dieu\/\"><em>http:\/\/jeanpaulsimard.com\/index.php\/2016\/10\/30\/mon-pari-sur-dieu\/<\/em><\/a><\/span><\/h2>\n<hr \/>\n\n\n<p>Paragraphe<\/p>\n\n\n\n<div class=\"wp-block-image\"><figure class=\"aligncenter\"><a href=\"https:\/\/i1.wp.com\/jeanpaulsimard.com\/wp-content\/uploads\/2017\/05\/906x510.jpg\"><img loading=\"lazy\" width=\"654\" height=\"368\" src=\"https:\/\/i1.wp.com\/jeanpaulsimard.com\/wp-content\/uploads\/2017\/05\/906x510.jpg?resize=654%2C368\" alt=\"\" class=\"wp-image-3452\" srcset=\"https:\/\/i1.wp.com\/jeanpaulsimard.com\/wp-content\/uploads\/2017\/05\/906x510.jpg?w=906&amp;ssl=1 906w, https:\/\/i1.wp.com\/jeanpaulsimard.com\/wp-content\/uploads\/2017\/05\/906x510.jpg?resize=300%2C169&amp;ssl=1 300w, https:\/\/i1.wp.com\/jeanpaulsimard.com\/wp-content\/uploads\/2017\/05\/906x510.jpg?resize=768%2C432&amp;ssl=1 768w, https:\/\/i1.wp.com\/jeanpaulsimard.com\/wp-content\/uploads\/2017\/05\/906x510.jpg?resize=2%2C1&amp;ssl=1 2w\" sizes=\"(max-width: 654px) 100vw, 654px\" data-recalc-dims=\"1\" \/><\/a><\/figure><\/div>\n\n\n\n<h3><\/h3>\n<div class=\"sharedaddy sd-sharing-enabled\"><div class=\"robots-nocontent sd-block sd-social sd-social-icon-text sd-sharing\"><h3 class=\"sd-title\">Partager\u00a0:<\/h3><div class=\"sd-content\"><ul><li class=\"share-facebook\"><a rel=\"nofollow noopener noreferrer\" data-shared=\"sharing-facebook-3430\" class=\"share-facebook sd-button share-icon\" href=\"https:\/\/jeanpaulsimard.com\/index.php\/2017\/05\/28\/ma-priere-universelle-pour-la-paix\/?share=facebook\" target=\"_blank\" title=\"Cliquez pour partager sur Facebook\"><span>Facebook<\/span><\/a><\/li><li class=\"share-twitter\"><a rel=\"nofollow noopener noreferrer\" data-shared=\"sharing-twitter-3430\" class=\"share-twitter sd-button share-icon\" href=\"https:\/\/jeanpaulsimard.com\/index.php\/2017\/05\/28\/ma-priere-universelle-pour-la-paix\/?share=twitter\" target=\"_blank\" title=\"Cliquez pour partager sur Twitter\"><span>Twitter<\/span><\/a><\/li><li class=\"share-linkedin\"><a rel=\"nofollow noopener noreferrer\" data-shared=\"sharing-linkedin-3430\" class=\"share-linkedin sd-button share-icon\" href=\"https:\/\/jeanpaulsimard.com\/index.php\/2017\/05\/28\/ma-priere-universelle-pour-la-paix\/?share=linkedin\" target=\"_blank\" title=\"Cliquez pour partager sur LinkedIn\"><span>LinkedIn<\/span><\/a><\/li><li class=\"share-pinterest\"><a rel=\"nofollow noopener noreferrer\" data-shared=\"sharing-pinterest-3430\" class=\"share-pinterest sd-button share-icon\" href=\"https:\/\/jeanpaulsimard.com\/index.php\/2017\/05\/28\/ma-priere-universelle-pour-la-paix\/?share=pinterest\" target=\"_blank\" title=\"Cliquez pour partager sur Pinterest\"><span>Pinterest<\/span><\/a><\/li><li class=\"share-email\"><a rel=\"nofollow noopener noreferrer\" data-shared=\"\" class=\"share-email sd-button share-icon\" href=\"https:\/\/jeanpaulsimard.com\/index.php\/2017\/05\/28\/ma-priere-universelle-pour-la-paix\/?share=email\" target=\"_blank\" title=\"Cliquez pour envoyer par e-mail \u00e0 un ami\"><span>E-mail<\/span><\/a><\/li><li class=\"share-print\"><a rel=\"nofollow noopener noreferrer\" data-shared=\"\" class=\"share-print sd-button share-icon\" href=\"https:\/\/jeanpaulsimard.com\/index.php\/2017\/05\/28\/ma-priere-universelle-pour-la-paix\/\" target=\"_blank\" title=\"Cliquer pour imprimer\"><span>Imprimer<\/span><\/a><\/li><li class=\"share-end\"><\/li><\/ul><\/div><\/div><\/div>","protected":false},"excerpt":{"rendered":"<p>J\u2019ai compos\u00e9 cette pri\u00e8re universelle pour la paix. Qui veut la dire avec moi ? Plus nous serons nombreux \u00e0 la dire et plus nous aurons de chances de toucher le c\u0153ur de Dieu\u2026 PARTAGEZ-LA LE PLUS POSSIBLE\u2026 (\u00c0 dire en famille, avant une r\u00e9union, dans un office religieux, lors d&rsquo;un spectacle culturel, sportif ou [&hellip;]<\/p>\n<div class=\"sharedaddy sd-sharing-enabled\"><div class=\"robots-nocontent sd-block sd-social sd-social-icon-text sd-sharing\"><h3 class=\"sd-title\">Partager\u00a0:<\/h3><div class=\"sd-content\"><ul><li class=\"share-facebook\"><a rel=\"nofollow noopener noreferrer\" data-shared=\"sharing-facebook-3430\" class=\"share-facebook sd-button share-icon\" href=\"https:\/\/jeanpaulsimard.com\/index.php\/2017\/05\/28\/ma-priere-universelle-pour-la-paix\/?share=facebook\" target=\"_blank\" title=\"Cliquez pour partager sur Facebook\"><span>Facebook<\/span><\/a><\/li><li class=\"share-twitter\"><a rel=\"nofollow noopener noreferrer\" data-shared=\"sharing-twitter-3430\" class=\"share-twitter sd-button share-icon\" href=\"https:\/\/jeanpaulsimard.com\/index.php\/2017\/05\/28\/ma-priere-universelle-pour-la-paix\/?share=twitter\" target=\"_blank\" title=\"Cliquez pour partager sur Twitter\"><span>Twitter<\/span><\/a><\/li><li class=\"share-linkedin\"><a rel=\"nofollow noopener noreferrer\" data-shared=\"sharing-linkedin-3430\" class=\"share-linkedin sd-button share-icon\" href=\"https:\/\/jeanpaulsimard.com\/index.php\/2017\/05\/28\/ma-priere-universelle-pour-la-paix\/?share=linkedin\" target=\"_blank\" title=\"Cliquez pour partager sur LinkedIn\"><span>LinkedIn<\/span><\/a><\/li><li class=\"share-pinterest\"><a rel=\"nofollow noopener noreferrer\" data-shared=\"sharing-pinterest-3430\" class=\"share-pinterest sd-button share-icon\" href=\"https:\/\/jeanpaulsimard.com\/index.php\/2017\/05\/28\/ma-priere-universelle-pour-la-paix\/?share=pinterest\" target=\"_blank\" title=\"Cliquez pour partager sur Pinterest\"><span>Pinterest<\/span><\/a><\/li><li class=\"share-email\"><a rel=\"nofollow noopener noreferrer\" data-shared=\"\" class=\"share-email sd-button share-icon\" href=\"https:\/\/jeanpaulsimard.com\/index.php\/2017\/05\/28\/ma-priere-universelle-pour-la-paix\/?share=email\" target=\"_blank\" title=\"Cliquez pour envoyer par e-mail \u00e0 un ami\"><span>E-mail<\/span><\/a><\/li><li class=\"share-print\"><a rel=\"nofollow noopener noreferrer\" data-shared=\"\" class=\"share-print sd-button share-icon\" href=\"https:\/\/jeanpaulsimard.com\/index.php\/2017\/05\/28\/ma-priere-universelle-pour-la-paix\/\" target=\"_blank\" title=\"Cliquer pour imprimer\"><span>Imprimer<\/span><\/a><\/li><li class=\"share-end\"><\/li><\/ul><\/div><\/div><\/div>","protected":false},"author":3,"featured_media":0,"comment_status":"open","ping_status":"open","sticky":false,"template":"","format":"standard","meta":{"spay_email":"","jetpack_publicize_message":"","jetpack_is_tweetstorm":false},"categories":[24,60,55,56,59,58,20,52,25,48,65,64,66,47,61,53,57,46,54,68,63,43,44,27,51,67,62,2,49,45,50],"tags":[],"jetpack_featured_media_url":"","jetpack_publicize_connections":[],"jetpack_sharing_enabled":true,"jetpack_shortlink":"https:\/\/wp.me\/p6sIY6-Tk","jetpack-related-posts":[{"id":1059,"url":"https:\/\/jeanpaulsimard.com\/index.php\/2015\/08\/16\/comment-prier-voici-une-priere-universelle\/","url_meta":{"origin":3430,"position":0},"title":"Comment prier ? Voici une pri\u00e8re universelle","date":"16 ao\u00fbt 2015","format":false,"excerpt":"COMMENT PRIER ? MA FA\u00c7ON DE PRIER est relativement simple. Elle s'inspire de la m\u00e9thode du c\u00e9l\u00e8bre moine b\u00e9n\u00e9dictin, John Main, d\u00e9c\u00e9d\u00e9 en 1982. D\u00e9sireux d'apporter une r\u00e9ponse pratique \u00e0 la qu\u00eate spirituelle de ses contemporains, il proposa une forme de pri\u00e8re simple, d\u00e9pouill\u00e9e, silencieuse, accessible \u00e0 toute personne et\u2026","rel":"","context":"Dans &quot;Actualit\u00e9&quot;","img":{"alt_text":"","src":"https:\/\/i1.wp.com\/jeanpaulsimard.com\/wp-content\/uploads\/2015\/08\/images-24.jpg?resize=350%2C200","width":350,"height":200},"classes":[]},{"id":1557,"url":"https:\/\/jeanpaulsimard.com\/index.php\/2015\/09\/27\/dieu-peut-il-nous-guerir-dune-maladie-2\/","url_meta":{"origin":3430,"position":1},"title":"DIEU PEUT-IL NOUS GU\u00c9RIR D'UNE MALADIE ?","date":"27 septembre 2015","format":false,"excerpt":"\u00a0COMMENT FAIRE APPEL \u00c0 LA PUISSANCE DIVINE POUR GU\u00c9RIR ? \u00a0IL FAUT D'ABORD ouvrir sa conscience \u00e0 L\u2019\u00c9NERGIE DIVINE. C'est alors que nous pouvons y d\u00e9couvrir UNE SOURCE DE GU\u00c9RISON PRODIGIEUSE. \u00a0POUR APPELER CETTE FORCE CURATIVE DIVINE, vous pouvez dire, selon la partie malade de votre corps: \u00abDieu cr\u00e9ateur, r\u00e9tablis\u2026","rel":"","context":"Dans &quot;Actualit\u00e9&quot;","img":{"alt_text":"colombe","src":"https:\/\/i2.wp.com\/jeanpaulsimard.com\/wp-content\/uploads\/2015\/07\/colombe3.png?resize=350%2C200","width":350,"height":200},"classes":[]},{"id":2017,"url":"https:\/\/jeanpaulsimard.com\/index.php\/2015\/11\/07\/dieu-nous-ecoute-t-il-quand-on-prie-2\/","url_meta":{"origin":3430,"position":2},"title":"DIEU NOUS \u00c9COUTE-T-IL QUAND ON PRIE ?","date":"7 novembre 2015","format":false,"excerpt":"Combien se posent la question\u00a0: \u00ab QUAND JE PRIE, DIEU M'\u00c9COUTE-T-IL VRAIMENT ? \u00bb ou \u00ab\u00c9COUTE-T-IL NOS PRI\u00c8RES? \u00bb. Pour r\u00e9pondre \u00e0 la question, il faut comprendre la P\u00c9DAGOGIE\u00a0DIVINE. \u00a0 \u00a0 QUAND VOUS PRIEZ, consid\u00e9rez votre pri\u00e8re comme une graine que vous semez. \u00a0Il faut qu\u2019elle croisse. Quant \u00e0 savoir\u2026","rel":"","context":"Dans &quot;Actualit\u00e9&quot;","img":{"alt_text":"6221-perce-du-soleil-WallFizz","src":"https:\/\/i0.wp.com\/jeanpaulsimard.com\/wp-content\/uploads\/2015\/11\/6221-perce-du-soleil-WallFizz-1024x576.jpg?resize=350%2C200","width":350,"height":200},"classes":[]},{"id":538,"url":"https:\/\/jeanpaulsimard.com\/index.php\/2015\/07\/22\/lagapetherapie\/","url_meta":{"origin":3430,"position":3},"title":"L'agap\u00e8th\u00e9rapie","date":"22 juillet 2015","format":false,"excerpt":"UNE M\u00c9DECINE DE L'\u00c2ME ET DU C\u0152UR IL EXISTE UNE FORME DE TH\u00c9RAPIE essentiellement bas\u00e9e sur la dimension spirituelle de la personne. Cette approche suscite pr\u00e9sentement beaucoup d'int\u00e9r\u00eat si l'on en juge par le nombre croissant de centres qui la pratiquent, je veux parler de l'agap\u00e8th\u00e9rapie. J'ai d\u00e9j\u00e0 \u00e9crit deux\u2026","rel":"","context":"Dans &quot;Actualit\u00e9&quot;","img":{"alt_text":"640x522","src":"https:\/\/i2.wp.com\/jeanpaulsimard.com\/wp-content\/uploads\/2015\/07\/640x522.jpg?resize=350%2C200","width":350,"height":200},"classes":[]},{"id":2432,"url":"https:\/\/jeanpaulsimard.com\/index.php\/2016\/01\/23\/dieu-sil-existe-ou-donc-se-cache-t-il-2\/","url_meta":{"origin":3430,"position":4},"title":"DIEU, S'IL EXISTE, O\u00d9 DONC SE CACHE-T-IL ?","date":"23 janvier 2016","format":false,"excerpt":"Beaucoup, \u00e0 notre \u00e9poque, se posent la question: O\u00d9 EST DIEU ? O\u00d9 SE CACHE-T-IL ? COMBIEN DE FOIS, dans \u00able torrent de la vie\u00bb, pour employer l\u2019expression de Boris Cyrulnik, ne cherchons-nous pas cette PUISSANCE SUP\u00c9RIEURE que l'on appelle famili\u00e8rement \u00abDieu\u00bb ? Cet \u00caTRE SUPR\u00caME vers lequel on se\u2026","rel":"","context":"Dans &quot;Actualit\u00e9&quot;","img":{"alt_text":"","src":"","width":0,"height":0},"classes":[]},{"id":2103,"url":"https:\/\/jeanpaulsimard.com\/index.php\/2015\/12\/05\/saviez-vous-que-nous-possedons-un-selfie-de-dieu\/","url_meta":{"origin":3430,"position":5},"title":"SAVIEZ-VOUS QUE NOUS POSS\u00c9DONS UN \u00abSELFIE\u00bb DE DIEU ?","date":"5 d\u00e9cembre 2015","format":false,"excerpt":"QUI EST DIEU ? On dit que LA QUESTION LA PLUS POS\u00c9E sur Google\u00a0est \u00ab QUI EST DIEU ? \u00bb Peut-on se faire UNE IMAGE DE DIEU ? Peut-on imaginer une forme quelconque de repr\u00e9sentation de Dieu ? Dieu personne ne l'a vu Certes, on ne peut obtenir UN PORTRAIT\u2026","rel":"","context":"Dans &quot;Actualit\u00e9&quot;","img":{"alt_text":"sixtine","src":"https:\/\/i1.wp.com\/jeanpaulsimard.com\/wp-content\/uploads\/2015\/12\/sixtine.jpg?resize=350%2C200","width":350,"height":200},"classes":[]}],"_links":{"self":[{"href":"https:\/\/jeanpaulsimard.com\/index.php\/wp-json\/wp\/v2\/posts\/3430"}],"collection":[{"href":"https:\/\/jeanpaulsimard.com\/index.php\/wp-json\/wp\/v2\/posts"}],"about":[{"href":"https:\/\/jeanpaulsimard.com\/index.php\/wp-json\/wp\/v2\/types\/post"}],"author":[{"embeddable":true,"href":"https:\/\/jeanpaulsimard.com\/index.php\/wp-json\/wp\/v2\/users\/3"}],"replies":[{"embeddable":true,"href":"https:\/\/jeanpaulsimard.com\/index.php\/wp-json\/wp\/v2\/comments?post=3430"}],"version-history":[{"count":21,"href":"https:\/\/jeanpaulsimard.com\/index.php\/wp-json\/wp\/v2\/posts\/3430\/revisions"}],"predecessor-version":[{"id":4371,"href":"https:\/\/jeanpaulsimard.com\/index.php\/wp-json\/wp\/v2\/posts\/3430\/revisions\/4371"}],"wp:attachment":[{"href":"https:\/\/jeanpaulsimard.com\/index.php\/wp-json\/wp\/v2\/media?parent=3430"}],"wp:term":[{"taxonomy":"category","embeddable":true,"href":"https:\/\/jeanpaulsimard.com\/index.php\/wp-json\/wp\/v2\/categories?post=3430"},{"taxonomy":"post_tag","embeddable":true,"href":"https:\/\/jeanpaulsimard.com\/index.php\/wp-json\/wp\/v2\/tags?post=3430"}],"curies":[{"name":"wp","href":"https:\/\/api.w.org\/{rel}","templated":true}]}}