{"id":3271,"date":"2016-11-28T12:26:20","date_gmt":"2016-11-28T17:26:20","guid":{"rendered":"http:\/\/jeanpaulsimard.com\/?p=3271"},"modified":"2016-11-28T12:26:20","modified_gmt":"2016-11-28T17:26:20","slug":"lavent-ou-la-nostalgie-de-dieu","status":"publish","type":"post","link":"https:\/\/jeanpaulsimard.com\/index.php\/2016\/11\/28\/lavent-ou-la-nostalgie-de-dieu\/","title":{"rendered":"L&rsquo;AVENT OU LA NOSTALGIE DE DIEU"},"content":{"rendered":"<p><a href=\"http:\/\/jeanpaulsimard.com\/wp-content\/uploads\/2016\/11\/10-ARTICLE-LAVENT-OU-LA-NOSTALGIE-DE-DIEU.pdf\">10-article-lavent-ou-la-nostalgie-de-dieu<\/a><\/p>\n<div class=\"sharedaddy sd-sharing-enabled\"><div class=\"robots-nocontent sd-block sd-social sd-social-icon-text sd-sharing\"><h3 class=\"sd-title\">Partager\u00a0:<\/h3><div class=\"sd-content\"><ul><li class=\"share-facebook\"><a rel=\"nofollow noopener noreferrer\" data-shared=\"sharing-facebook-3271\" class=\"share-facebook sd-button share-icon\" href=\"https:\/\/jeanpaulsimard.com\/index.php\/2016\/11\/28\/lavent-ou-la-nostalgie-de-dieu\/?share=facebook\" target=\"_blank\" title=\"Cliquez pour partager sur Facebook\"><span>Facebook<\/span><\/a><\/li><li class=\"share-twitter\"><a rel=\"nofollow noopener noreferrer\" data-shared=\"sharing-twitter-3271\" class=\"share-twitter sd-button share-icon\" href=\"https:\/\/jeanpaulsimard.com\/index.php\/2016\/11\/28\/lavent-ou-la-nostalgie-de-dieu\/?share=twitter\" target=\"_blank\" title=\"Cliquez pour partager sur Twitter\"><span>Twitter<\/span><\/a><\/li><li class=\"share-linkedin\"><a rel=\"nofollow noopener noreferrer\" data-shared=\"sharing-linkedin-3271\" class=\"share-linkedin sd-button share-icon\" href=\"https:\/\/jeanpaulsimard.com\/index.php\/2016\/11\/28\/lavent-ou-la-nostalgie-de-dieu\/?share=linkedin\" target=\"_blank\" title=\"Cliquez pour partager sur LinkedIn\"><span>LinkedIn<\/span><\/a><\/li><li class=\"share-pinterest\"><a rel=\"nofollow noopener noreferrer\" data-shared=\"sharing-pinterest-3271\" class=\"share-pinterest sd-button share-icon\" href=\"https:\/\/jeanpaulsimard.com\/index.php\/2016\/11\/28\/lavent-ou-la-nostalgie-de-dieu\/?share=pinterest\" target=\"_blank\" title=\"Cliquez pour partager sur Pinterest\"><span>Pinterest<\/span><\/a><\/li><li class=\"share-email\"><a rel=\"nofollow noopener noreferrer\" data-shared=\"\" class=\"share-email sd-button share-icon\" href=\"https:\/\/jeanpaulsimard.com\/index.php\/2016\/11\/28\/lavent-ou-la-nostalgie-de-dieu\/?share=email\" target=\"_blank\" title=\"Cliquez pour envoyer par e-mail \u00e0 un ami\"><span>E-mail<\/span><\/a><\/li><li class=\"share-print\"><a rel=\"nofollow noopener noreferrer\" data-shared=\"\" class=\"share-print sd-button share-icon\" href=\"https:\/\/jeanpaulsimard.com\/index.php\/2016\/11\/28\/lavent-ou-la-nostalgie-de-dieu\/\" target=\"_blank\" title=\"Cliquer pour imprimer\"><span>Imprimer<\/span><\/a><\/li><li class=\"share-end\"><\/li><\/ul><\/div><\/div><\/div>","protected":false},"excerpt":{"rendered":"<p>10-article-lavent-ou-la-nostalgie-de-dieu<\/p>\n<div class=\"sharedaddy sd-sharing-enabled\"><div class=\"robots-nocontent sd-block sd-social sd-social-icon-text sd-sharing\"><h3 class=\"sd-title\">Partager\u00a0:<\/h3><div class=\"sd-content\"><ul><li class=\"share-facebook\"><a rel=\"nofollow noopener noreferrer\" data-shared=\"sharing-facebook-3271\" class=\"share-facebook sd-button share-icon\" href=\"https:\/\/jeanpaulsimard.com\/index.php\/2016\/11\/28\/lavent-ou-la-nostalgie-de-dieu\/?share=facebook\" target=\"_blank\" title=\"Cliquez pour partager sur Facebook\"><span>Facebook<\/span><\/a><\/li><li class=\"share-twitter\"><a rel=\"nofollow noopener noreferrer\" data-shared=\"sharing-twitter-3271\" class=\"share-twitter sd-button share-icon\" href=\"https:\/\/jeanpaulsimard.com\/index.php\/2016\/11\/28\/lavent-ou-la-nostalgie-de-dieu\/?share=twitter\" target=\"_blank\" title=\"Cliquez pour partager sur Twitter\"><span>Twitter<\/span><\/a><\/li><li class=\"share-linkedin\"><a rel=\"nofollow noopener noreferrer\" data-shared=\"sharing-linkedin-3271\" class=\"share-linkedin sd-button share-icon\" href=\"https:\/\/jeanpaulsimard.com\/index.php\/2016\/11\/28\/lavent-ou-la-nostalgie-de-dieu\/?share=linkedin\" target=\"_blank\" title=\"Cliquez pour partager sur LinkedIn\"><span>LinkedIn<\/span><\/a><\/li><li class=\"share-pinterest\"><a rel=\"nofollow noopener noreferrer\" data-shared=\"sharing-pinterest-3271\" class=\"share-pinterest sd-button share-icon\" href=\"https:\/\/jeanpaulsimard.com\/index.php\/2016\/11\/28\/lavent-ou-la-nostalgie-de-dieu\/?share=pinterest\" target=\"_blank\" title=\"Cliquez pour partager sur Pinterest\"><span>Pinterest<\/span><\/a><\/li><li class=\"share-email\"><a rel=\"nofollow noopener noreferrer\" data-shared=\"\" class=\"share-email sd-button share-icon\" href=\"https:\/\/jeanpaulsimard.com\/index.php\/2016\/11\/28\/lavent-ou-la-nostalgie-de-dieu\/?share=email\" target=\"_blank\" title=\"Cliquez pour envoyer par e-mail \u00e0 un ami\"><span>E-mail<\/span><\/a><\/li><li class=\"share-print\"><a rel=\"nofollow noopener noreferrer\" data-shared=\"\" class=\"share-print sd-button share-icon\" href=\"https:\/\/jeanpaulsimard.com\/index.php\/2016\/11\/28\/lavent-ou-la-nostalgie-de-dieu\/\" target=\"_blank\" title=\"Cliquer pour imprimer\"><span>Imprimer<\/span><\/a><\/li><li class=\"share-end\"><\/li><\/ul><\/div><\/div><\/div>","protected":false},"author":3,"featured_media":0,"comment_status":"open","ping_status":"open","sticky":false,"template":"","format":"standard","meta":{"spay_email":"","jetpack_publicize_message":"","jetpack_is_tweetstorm":false},"categories":[1],"tags":[],"jetpack_featured_media_url":"","jetpack_publicize_connections":[],"jetpack_sharing_enabled":true,"jetpack_shortlink":"https:\/\/wp.me\/p6sIY6-QL","jetpack-related-posts":[{"id":3303,"url":"https:\/\/jeanpaulsimard.com\/index.php\/2016\/12\/01\/lavent-ou-la-nostalgie-de-dieu-2\/","url_meta":{"origin":3271,"position":0},"title":"L'AVENT OU LA NOSTALGIE DE DIEU","date":"1 d\u00e9cembre 2016","format":false,"excerpt":"Je vous partage mon plus r\u00e9cent article sur l'Avent paru dans la revue Sainte-Anne du mois de d\u00e9cembre : \u00a0 \u00a0 \u00a0 Pour lire l'article cliquez sur le lien suivant: http:\/\/jeanpaulsimard.com\/wp-content\/uploads\/2016\/11\/10-ARTICLE-LAVENT-OU-LA-NOSTALGIE-DE-DIEU.pdf (Partagez cet article si vous le pouvez...) \u00a0 SUR LE M\u00caME TH\u00c8ME\u00a0: \u00abMON PARI SUR DIEU\u00bb http:\/\/jeanpaulsimard.com\/index.php\/2016\/10\/30\/mon-pari-sur-dieu\/ \u00abDIEU, S'IL\u2026","rel":"","context":"Dans &quot;Actualit\u00e9&quot;","img":{"alt_text":"47363568-noel-couronne-de-l-avent-avec-quatre-bougies-allumees-pour-le-4e-dimanche-de-l-avent-de-concept-trad","src":"https:\/\/i1.wp.com\/jeanpaulsimard.com\/wp-content\/uploads\/2016\/12\/47363568-noel-couronne-de-l-avent-avec-quatre-bougies-allumees-pour-le-4e-dimanche-de-l-avent-de-concept-trad.jpg?resize=350%2C200","width":350,"height":200},"classes":[]},{"id":3200,"url":"https:\/\/jeanpaulsimard.com\/index.php\/2016\/10\/30\/mon-pari-sur-dieu\/","url_meta":{"origin":3271,"position":1},"title":"\u00abMON PARI SUR DIEU\u00bb","date":"30 octobre 2016","format":false,"excerpt":"A Pour lire l'article, cliquez ici : http:\/\/jeanpaulsimard.com\/wp-content\/uploads\/2016\/10\/VIVRE-DOSSIER-SUR-DIEU-ilovepdf-compressed.pdf\u00a0 (Article paru dans le magazine\u00a0VIVRE) POUR ALLER PLUS LOIN : Lisez une proposition de Dieu qui ne vous laissera pas indiff\u00e9rent...\u00a0 http:\/\/jeanpaulsimard.com\/index.php\/sample-page\/renouer-avec-dieu\/ MON PARI SUR DIEU LE \u00a0C\u00c9L\u00c8BRE professeur de psychiatrie, David Servan-Schreiber, maintenant d\u00e9c\u00e9d\u00e9, donna un jour ce t\u00e9moignage: \u00ab\u00c0 15\u2026","rel":"","context":"Dans &quot;Actualit\u00e9&quot;","img":{"alt_text":"","src":"https:\/\/i1.wp.com\/jeanpaulsimard.com\/wp-content\/uploads\/2015\/12\/sixtine.jpg?resize=350%2C200","width":350,"height":200},"classes":[]},{"id":2432,"url":"https:\/\/jeanpaulsimard.com\/index.php\/2016\/01\/23\/dieu-sil-existe-ou-donc-se-cache-t-il-2\/","url_meta":{"origin":3271,"position":2},"title":"DIEU, S'IL EXISTE, O\u00d9 DONC SE CACHE-T-IL ?","date":"23 janvier 2016","format":false,"excerpt":"Beaucoup, \u00e0 notre \u00e9poque, se posent la question: O\u00d9 EST DIEU ? O\u00d9 SE CACHE-T-IL ? COMBIEN DE FOIS, dans \u00able torrent de la vie\u00bb, pour employer l\u2019expression de Boris Cyrulnik, ne cherchons-nous pas cette PUISSANCE SUP\u00c9RIEURE que l'on appelle famili\u00e8rement \u00abDieu\u00bb ? Cet \u00caTRE SUPR\u00caME vers lequel on se\u2026","rel":"","context":"Dans &quot;Actualit\u00e9&quot;","img":{"alt_text":"","src":"","width":0,"height":0},"classes":[]},{"id":2017,"url":"https:\/\/jeanpaulsimard.com\/index.php\/2015\/11\/07\/dieu-nous-ecoute-t-il-quand-on-prie-2\/","url_meta":{"origin":3271,"position":3},"title":"DIEU NOUS \u00c9COUTE-T-IL QUAND ON PRIE ?","date":"7 novembre 2015","format":false,"excerpt":"Combien se posent la question\u00a0: \u00ab QUAND JE PRIE, DIEU M'\u00c9COUTE-T-IL VRAIMENT ? \u00bb ou \u00ab\u00c9COUTE-T-IL NOS PRI\u00c8RES? \u00bb. Pour r\u00e9pondre \u00e0 la question, il faut comprendre la P\u00c9DAGOGIE\u00a0DIVINE. \u00a0 \u00a0 QUAND VOUS PRIEZ, consid\u00e9rez votre pri\u00e8re comme une graine que vous semez. \u00a0Il faut qu\u2019elle croisse. Quant \u00e0 savoir\u2026","rel":"","context":"Dans &quot;Actualit\u00e9&quot;","img":{"alt_text":"6221-perce-du-soleil-WallFizz","src":"https:\/\/i0.wp.com\/jeanpaulsimard.com\/wp-content\/uploads\/2015\/11\/6221-perce-du-soleil-WallFizz-1024x576.jpg?resize=350%2C200","width":350,"height":200},"classes":[]},{"id":2103,"url":"https:\/\/jeanpaulsimard.com\/index.php\/2015\/12\/05\/saviez-vous-que-nous-possedons-un-selfie-de-dieu\/","url_meta":{"origin":3271,"position":4},"title":"SAVIEZ-VOUS QUE NOUS POSS\u00c9DONS UN \u00abSELFIE\u00bb DE DIEU ?","date":"5 d\u00e9cembre 2015","format":false,"excerpt":"QUI EST DIEU ? On dit que LA QUESTION LA PLUS POS\u00c9E sur Google\u00a0est \u00ab QUI EST DIEU ? \u00bb Peut-on se faire UNE IMAGE DE DIEU ? Peut-on imaginer une forme quelconque de repr\u00e9sentation de Dieu ? Dieu personne ne l'a vu Certes, on ne peut obtenir UN PORTRAIT\u2026","rel":"","context":"Dans &quot;Actualit\u00e9&quot;","img":{"alt_text":"sixtine","src":"https:\/\/i1.wp.com\/jeanpaulsimard.com\/wp-content\/uploads\/2015\/12\/sixtine.jpg?resize=350%2C200","width":350,"height":200},"classes":[]},{"id":1013,"url":"https:\/\/jeanpaulsimard.com\/index.php\/2015\/08\/12\/hommage-a-une-figure-attachante-de-leglise-labbe-raymond-gravel\/","url_meta":{"origin":3271,"position":5},"title":"Hommage \u00e0 une figure attachante de l'\u00c9glise (l'abb\u00e9 Raymond Gravel)","date":"12 ao\u00fbt 2015","format":false,"excerpt":"Hommage \u00e0 une figure attachante de l\u2019\u00c9glise (Le Quotidien, ce 19 ao\u00fbt 2014 par Jean-Paul Simard, \u00e9crivain et th\u00e9ologien) \u00a0 L\u2019ABB\u00c9 RAYMOND GRAVEL, UN SACR\u00c9 CUR\u00c9\u2026 T\u00e9l\u00e9-Qu\u00e9bec soulignera cette semaine le premier anniversaire du d\u00e9c\u00e8s du bien-aim\u00e9 homme de foi en pr\u00e9sentant le documentaire du r\u00e9alisateur Patrick Brunette, intitul\u00e9 Raymond\u2026","rel":"","context":"Dans &quot;Actualit\u00e9&quot;","img":{"alt_text":"","src":"https:\/\/i1.wp.com\/jeanpaulsimard.com\/wp-content\/uploads\/2015\/08\/Abb\u00c3\u00a9-Raymond-Gravel-310x206-1.jpg?resize=350%2C200","width":350,"height":200},"classes":[]}],"_links":{"self":[{"href":"https:\/\/jeanpaulsimard.com\/index.php\/wp-json\/wp\/v2\/posts\/3271"}],"collection":[{"href":"https:\/\/jeanpaulsimard.com\/index.php\/wp-json\/wp\/v2\/posts"}],"about":[{"href":"https:\/\/jeanpaulsimard.com\/index.php\/wp-json\/wp\/v2\/types\/post"}],"author":[{"embeddable":true,"href":"https:\/\/jeanpaulsimard.com\/index.php\/wp-json\/wp\/v2\/users\/3"}],"replies":[{"embeddable":true,"href":"https:\/\/jeanpaulsimard.com\/index.php\/wp-json\/wp\/v2\/comments?post=3271"}],"version-history":[{"count":1,"href":"https:\/\/jeanpaulsimard.com\/index.php\/wp-json\/wp\/v2\/posts\/3271\/revisions"}],"predecessor-version":[{"id":3272,"href":"https:\/\/jeanpaulsimard.com\/index.php\/wp-json\/wp\/v2\/posts\/3271\/revisions\/3272"}],"wp:attachment":[{"href":"https:\/\/jeanpaulsimard.com\/index.php\/wp-json\/wp\/v2\/media?parent=3271"}],"wp:term":[{"taxonomy":"category","embeddable":true,"href":"https:\/\/jeanpaulsimard.com\/index.php\/wp-json\/wp\/v2\/categories?post=3271"},{"taxonomy":"post_tag","embeddable":true,"href":"https:\/\/jeanpaulsimard.com\/index.php\/wp-json\/wp\/v2\/tags?post=3271"}],"curies":[{"name":"wp","href":"https:\/\/api.w.org\/{rel}","templated":true}]}}