{"id":3200,"date":"2016-10-30T10:58:44","date_gmt":"2016-10-30T14:58:44","guid":{"rendered":"http:\/\/jeanpaulsimard.com\/?p=3200"},"modified":"2017-08-24T12:08:52","modified_gmt":"2017-08-24T16:08:52","slug":"mon-pari-sur-dieu","status":"publish","type":"post","link":"https:\/\/jeanpaulsimard.com\/index.php\/2016\/10\/30\/mon-pari-sur-dieu\/","title":{"rendered":"\u00abMON PARI SUR DIEU\u00bb"},"content":{"rendered":"<h3 style=\"text-align: center;\"><\/h3>\n<h2 style=\"text-align: center;\"><span style=\"color: #ffff00;\">A<\/span><\/h2>\n<h3 style=\"text-align: center;\"><a href=\"https:\/\/i1.wp.com\/jeanpaulsimard.com\/wp-content\/uploads\/2015\/12\/sixtine.jpg\"><img loading=\"lazy\" class=\"size-full wp-image-2277 aligncenter\" src=\"https:\/\/i1.wp.com\/jeanpaulsimard.com\/wp-content\/uploads\/2015\/12\/sixtine.jpg?resize=654%2C383\" alt=\"\" width=\"654\" height=\"383\" srcset=\"https:\/\/i1.wp.com\/jeanpaulsimard.com\/wp-content\/uploads\/2015\/12\/sixtine.jpg?w=820&amp;ssl=1 820w, https:\/\/i1.wp.com\/jeanpaulsimard.com\/wp-content\/uploads\/2015\/12\/sixtine.jpg?resize=300%2C176&amp;ssl=1 300w, https:\/\/i1.wp.com\/jeanpaulsimard.com\/wp-content\/uploads\/2015\/12\/sixtine.jpg?resize=768%2C450&amp;ssl=1 768w, https:\/\/i1.wp.com\/jeanpaulsimard.com\/wp-content\/uploads\/2015\/12\/sixtine.jpg?resize=2%2C1&amp;ssl=1 2w\" sizes=\"(max-width: 654px) 100vw, 654px\" data-recalc-dims=\"1\" \/><\/a><\/h3>\n<h2><span style=\"color: #99ccff;\">Pour lire l&rsquo;article, cliquez ici :<\/span><\/h2>\n<h2 style=\"text-align: justify;\"><span style=\"color: #ffff00;\"><a style=\"color: #ffff00;\" href=\"http:\/\/jeanpaulsimard.com\/wp-content\/uploads\/2016\/10\/VIVRE-DOSSIER-SUR-DIEU-ilovepdf-compressed.pdf\"><em>http:\/\/jeanpaulsimard.com\/wp-content\/uploads\/2016\/10\/VIVRE-DOSSIER-SUR-DIEU-ilovepdf-compressed.pdf\u00a0<\/em><\/a><\/span><\/h2>\n<h3><span style=\"color: #99ccff;\">(Article paru dans le magazine\u00a0<em>VIVRE)<\/em><\/span><\/h3>\n<hr \/>\n<h2><span style=\"color: #ff9900;\">POUR ALLER PLUS LOIN :<\/span><\/h2>\n<h2><span style=\"color: #ff9900;\">Lisez une proposition de Dieu qui ne vous laissera pas indiff\u00e9rent&#8230;\u00a0<\/span><\/h2>\n<h2><span style=\"color: #00ff00;\"><em><a style=\"color: #00ff00;\" href=\"http:\/\/jeanpaulsimard.com\/index.php\/sample-page\/renouer-avec-dieu\/\">http:\/\/jeanpaulsimard.com\/index.php\/sample-page\/renouer-avec-dieu\/<\/a><\/em><\/span><\/h2>\n<hr \/>\n<h2 style=\"text-align: center;\"><span style=\"color: #ffcc00;\">MON PARI SUR DIEU<\/span><\/h2>\n<h2 style=\"text-align: justify;\"><em><span style=\"color: #ffcc00;\"><strong>LE \u00a0C\u00c9L\u00c8BRE professeur de psychiatrie, David Servan-Schreiber, maintenant d\u00e9c\u00e9d\u00e9, donna un jour ce t\u00e9moignage: \u00ab\u00c0 15 ans, dans une \u00e9glise de campagne, le sermon d\u2019un pr\u00eatre me marqua. Il commen\u00e7ait par cette question \u00abO\u00f9 chercher Dieu? O\u00f9 le trouver?\u00bb Je ne me suis jamais souvenu de la suite, et je l\u2019ai souvent regrett\u00e9, me disant que j\u2019\u00e9tais pass\u00e9 \u00e0 c\u00f4t\u00e9 de la r\u00e9ponse\u2026\u00bb<\/strong><\/span><\/em><\/h2>\n<h2 style=\"text-align: justify;\"><span style=\"color: #99ccff;\"><strong>Dans toute vie humaine, il y a un moment de rencontre avec le divin. La conscience s&rsquo;\u00e9veille tout \u00e0 coup, les paupi\u00e8res sont soulev\u00e9es, le regard voit, avec le sentiment que quelque chose nous d\u00e9passe, accompagn\u00e9 de la sensation de l\u2019infini. Cela peut aller jusqu&rsquo;\u00e0 l&rsquo;\u00e9vidence qu\u2019il existe une puissance sup\u00e9rieure.<\/strong><\/span><\/h2>\n<h2 style=\"text-align: justify;\"><span style=\"color: #00ff00;\"><strong><em>Une qu\u00eate universelle <\/em><\/strong><\/span><\/h2>\n<h2 style=\"text-align: justify;\"><span style=\"color: #99ccff;\"><strong>Nous sommes tous concern\u00e9s \u00e0 divers degr\u00e9s par la question de Dieu : ceux qui doutent comme ceux qui croient ou ne croient pas. Qui n\u2019a jamais pens\u00e9 \u00e0 Dieu ? Qui n&rsquo;a pas cri\u00e9 une fois dans sa vie: <em>\u00abDieu, si tu existes, manifeste-toi!\u00bb <\/em>?<\/strong><\/span><\/h2>\n<h2 style=\"text-align: justify;\"><span style=\"color: #99ccff;\"><strong>La question de Dieu est au centre de la vie humaine. Elle porte en elle le poids de la morale, l\u2019\u00e9nigme de la souffrance, de la maladie et de la mort, les r\u00e9voltes \u00e9touff\u00e9es, les projets, les id\u00e9aux, etc. Pour les uns, Dieu est la cause de tous les probl\u00e8mes, pour les autres, il en est la solution. Pascal l&rsquo;a bien per\u00e7u quand il a \u00e9crit dans ses <em>Pens\u00e9es<\/em>\u00a0: \u00abDieu. Les uns craignent de le perdre, les autres craignent de le trouver.\u00bb Entre les deux, on retrouve cette cat\u00e9gorie nombreuse de personnes qui le cherchent.<\/strong><\/span><\/h2>\n<h2 style=\"text-align: justify;\"><span style=\"color: #99ccff;\"><strong>Tout au long des \u00e2ges, le concept de Dieu a exprim\u00e9 ce \u00e0 quoi l&rsquo;\u00eatre humain aspire, ce qu&rsquo;il craint, ce dont il a besoin. Encore de nos jours, pour ceux et celles qui croient en lui, il exprime ce qui, au plus intime de l\u2019\u00eatre humain, est commun \u00e0 tous : l\u2019intuition d\u2019un Cr\u00e9ateur et de sa relation \u00e0 lui, le fait que le monde correspond \u00e0 une intention divine et donc qu\u2019il a un ordre et un sens et qu&rsquo;il d\u00e9bouche sur l&rsquo;\u00abau-del\u00e0\u00bb.<\/strong><\/span><\/h2>\n<h2 style=\"text-align: justify;\"><span style=\"color: #99ccff;\"><strong>\u00a0<\/strong><\/span><span style=\"color: #00ff00;\"><strong><em>Je ne crois pas, je sais\u2026<\/em><\/strong><\/span><\/h2>\n<h2 style=\"text-align: justify;\"><span style=\"color: #99ccff;\"><strong>\u00c0 la question \u00ab\u00a0Croyez-vous en Dieu ?\u00a0\u00bb qu&rsquo;on lui a un jour pos\u00e9e, Carl Jung a r\u00e9pondu\u00a0: \u00ab\u00a0Je ne crois pas, je sais.\u00a0\u00bb Beaucoup de personnes affirment avoir ainsi une exp\u00e9rience directe, irr\u00e9cusable, de l&rsquo;existence de Dieu. Pour plusieurs cette certitude s&rsquo;accompagne d&rsquo;une exp\u00e9rience tr\u00e8s forte de la pr\u00e9sence divine en eux. Paradoxalement, on retrouve aussi l&rsquo;id\u00e9e de Dieu chez ceux qui le nient, comme en t\u00e9moigne le philosophe Andr\u00e9 Comte-Sponville qui \u00e9crit: \u00ab\u00a0Si je suis ath\u00e9e, c&rsquo;est aussi parce que je pr\u00e9f\u00e9rerais que Dieu existe!\u00a0\u00bb L\u00e0-dessus, j&rsquo;aime bien la r\u00e9flexion que le philosophe fait dans <em>L\u2019esprit de l&rsquo;ath\u00e9isme <\/em>quand il \u00e9crit: \u00abQue vous croyiez ou non en Dieu, au surnaturel ou au sacr\u00e9, vous n&rsquo;en serez pas moins confront\u00e9 \u00e0 l&rsquo;infini, \u00e0 l&rsquo;\u00e9ternit\u00e9, \u00e0 l&rsquo;absolu \u2013 et \u00e0 vous-m\u00eame.\u00bb En fait, qu&rsquo;on l&rsquo;affirme ou qu&rsquo;on le nie, Dieu ne laisse personne indiff\u00e9rent. M\u00eame ceux et celles qui ne croient pas n&rsquo;arrivent pas \u00e0 se d\u00e9faire d&rsquo;une certaine inqui\u00e9tude religieuse qui les talonne toute leur vie, en particulier devant le myst\u00e8re de la mort.<\/strong><\/span><\/h2>\n<h2 style=\"text-align: justify;\"><span style=\"color: #00ff00;\"><em>Au nom de Dieu j&rsquo;ai\u2026<\/em><\/span><\/h2>\n<h2 style=\"text-align: justify;\"><span style=\"color: #99ccff;\"><strong>Il est \u00e9tonnant de constater le nombre de personnes qui affirment croire en Dieu. On dit que les cinq sixi\u00e8mes (5\/6) de la population du globe d\u00e9clarent appartenir \u00e0 une religion et 80% des habitants de la plan\u00e8te s&rsquo;affichent croyants. Croyants ? \u00c9videmment, il y a bien des degr\u00e9s et des variantes dans la foi, mais chose certaine, un tr\u00e8s grand nombre de personnes, au cours de l&rsquo;histoire, ont align\u00e9 leur vie sur Dieu au point d\u2019en faire leur Absolu. Plusieurs m\u00eames sont morts martyres pour en t\u00e9moigner.\u00a0 Malheureusement, le contraire est aussi vrai. Que de mal n\u2019a-t-on pas commis en son nom! Que d&rsquo;exactions, que de cruaut\u00e9s se commettent quotidiennement en pensant agir au nom de Dieu !<\/strong><\/span><\/h2>\n<h2 style=\"text-align: justify;\"><span style=\"color: #00ff00;\"><strong><em>Plus qu&rsquo;un myst\u00e8re, un dilemme!<\/em><\/strong><\/span><\/h2>\n<h2 style=\"text-align: justify;\"><span style=\"color: #99ccff;\"><strong>Devant ces faits, on peut comprendre pourquoi l&rsquo;anthropologie parle de la dimension universelle du ph\u00e9nom\u00e8ne de Dieu. Ce ph\u00e9nom\u00e8ne serait commun \u00e0 toutes les cultures, \u00e0 tous les \u00eatres humains. <\/strong><strong>Un grand magazine \u00e9crivait en titre de couverture \u00ab<\/strong><strong><em>La soif de Dieu<\/em><\/strong><strong>\u00bb. \u00c0 l&rsquo;int\u00e9rieur, un dossier d\u00e9montrait combien cette soif est palpable et s&rsquo;exprime de multiples fa\u00e7ons, allant de la qu\u00eate du sens de la vie \u00e0 la croyance \u00e0 un certain destin personnel, voire \u00e0 l\u2019existence d\u2019un \u00catre supr\u00eame. <\/strong><\/span><\/h2>\n<h2 style=\"text-align: justify;\"><span style=\"color: #99ccff;\"><strong>Mais l&rsquo;existence de cet \u00catre supr\u00eame ne convainc pas tout le monde. On a beaucoup parl\u00e9, \u00e0 une certaine \u00e9poque, du \u00absoup\u00e7on psychologique\u00bb sur Dieu. <\/strong><strong>Ce soup\u00e7on consiste \u00e0 mettre en doute la valeur d&rsquo;une foi qui ne r\u00e9pondrait qu&rsquo;\u00e0 un besoin purement humain. Dieu comme cr\u00e9ation du cerveau humain ou comme une \u00e9manation \u00abnaturelle\u00bb. Cela demeure \u00e0 premi\u00e8re vue une conception fort s\u00e9duisante. Surtout de la fa\u00e7on avec laquelle la psychanalyse pose la question: est-ce le cerveau qui a cr\u00e9\u00e9 un Dieu qu&rsquo;il serait apte \u00e0 percevoir, ou est-ce Dieu qui a cr\u00e9\u00e9 le cerveau de l&rsquo;homme pour qu&rsquo;il re\u00e7oive son message? C&rsquo;est ce qu&rsquo;on appelle le dilemme scientifique de Dieu.<\/strong><\/span><\/h2>\n<h2 style=\"text-align: justify;\"><span style=\"color: #00ff00;\"><strong><em>Dieu existe-t-il? <\/em><\/strong><\/span><\/h2>\n<h2 style=\"text-align: justify;\"><span style=\"color: #99ccff;\"><strong>Dans la t\u00eate et le c\u0153ur de cette foule innombrable de croyants, oui, sans le moindre doute, Dieu existe, et cela n&rsquo;est pas banal. Jamais une id\u00e9e, une passion n&rsquo;a occup\u00e9 les esprits avec autant de force et de constance que la folie de Dieu. De g\u00e9n\u00e9ration en g\u00e9n\u00e9ration, que d&rsquo;exp\u00e9riences v\u00e9cues, que d&rsquo;engagements les plus divers ont \u00e9t\u00e9 suscit\u00e9s en son nom. Il y d&rsquo;abord toute cette phalange de saints et de saintes qui sont l\u00e0 pour en t\u00e9moigner. Il y a \u00e9galement tous les humbles fid\u00e8les du monde qui prient en catimini dans leur c\u0153ur ou dans les milliers de chapelles ou d&rsquo;oratoires, lieux hautement symboliques de la pr\u00e9sence de Dieu.<\/strong><\/span><\/h2>\n<h2 style=\"text-align: justify;\"><span style=\"color: #99ccff;\"><strong>Nonobstant cette prodigieuse pr\u00e9sence de Dieu \u00e0 travers le temps, cela ne m&#8217;emp\u00eache pas d&rsquo;\u00eatre parfois \u00e9branl\u00e9 dans ma foi, \u00e0 travers le doute devant le myst\u00e8re de l&rsquo;Absolu. Comme bien des personnes, je me pose la question\u00a0: <em>pourquoi croire en Dieu ? <\/em>Qu&rsquo;est-ce que Dieu apporte de plus ? Pourquoi vouer sa vie \u00e0 Dieu plut\u00f4t qu&rsquo;\u00e0 Bouddha, Marx ou Madonna ? Ne peut-on pas vivre humainement sans Dieu ?\u00a0 Se contenter d&rsquo;\u00eatre vraiment homme ou femme ? Poursuivre tout simplement sa vie en croyant en l&rsquo;homme, en la science, en la m\u00e9decine, en soi, \u00e0 sa famille, \u00e0 ses enfants ? Et puis n&rsquo;avons-nous pas tout ce qu&rsquo;il faut pour assumer notre vie : intelligence, m\u00e9moire, volont\u00e9, conscience, cr\u00e9ativit\u00e9, \u00e9nergie vitale physique et mentale ?<\/strong><\/span><\/h2>\n<h2 style=\"text-align: justify;\"><span style=\"color: #00ff00;\"><strong><em>Mais il y a un hic\u2026<\/em><\/strong><\/span><\/h2>\n<h2 style=\"text-align: justify;\"><span style=\"color: #99ccff;\"><strong>Oui, c&rsquo;est vrai! Nous avons tout cela et c&rsquo;est ce qui fait que nous pouvons effectivement vivre sans Dieu. Mais il y a un hic. La vie tranquille sans Dieu n&rsquo;est pas exempte de tout questionnement. Couve en nous une constante interrogation concernant le myst\u00e8re de l&rsquo;infini. Il y a, dans les replis les plus secrets de notre \u00eatre, quelque chose comme une fibre divine. Carl Jung a montr\u00e9 comment l\u2019homme est fondamentalement marqu\u00e9 par le divin. \u00c0 cette fin, il a d\u00e9velopp\u00e9 l\u2019id\u00e9e de l\u2019\u00abarch\u00e9type divin\u00bb qu\u2019il associe \u00e0 \u00abl\u2019image de Dieu\u00bb telle qu&rsquo;\u00e9voqu\u00e9e dans la Gen\u00e8se. Cet arch\u00e9type signifie que le divin fait partie de notre nature et repr\u00e9sente quelque chose d\u2019inn\u00e9. Pour Jung l&rsquo;id\u00e9e de Dieu est inscrite au plus profond de la psych\u00e9 humaine et le divin repr\u00e9sente l&rsquo;ultime r\u00e9alit\u00e9. En cons\u00e9quence, il estime que la question la plus r\u00e9v\u00e9latrice de la vie d&rsquo;une personne est de savoir si, oui ou non, celle-ci est en rapport avec l&rsquo;infini.<\/strong><\/span><\/h2>\n<h2 style=\"text-align: justify;\"><span style=\"color: #00ff00;\"><strong><em>O\u00f9 allons-nous ?<\/em><\/strong><\/span><\/h2>\n<h2 style=\"text-align: justify;\"><span style=\"color: #99ccff;\"><strong>La conscience de l&rsquo;infini s&rsquo;exprime de multiples fa\u00e7ons, mais elle prend le plus souvent la voie du questionnement. Un questionnement li\u00e9 aux grandes interrogations que l\u2019on se pose sur son origine, sa destin\u00e9e, le mal, l&rsquo;amour, la mort, l\u2019au-del\u00e0. Malheureusement, pour plusieurs, les r\u00e9ponses \u00e0 ces questions d\u00e9bouchent sur le \u00abvide existentiel\u00bb ou le non-sens de la vie. On a parl\u00e9 \u00e0 ce propos du \u00abtrou noir\u00bb qu\u2019Andr\u00e9 Comte-Sponville d\u00e9finit comme le tragique du destin sans r\u00e9ponse, lequel pr\u00e9cise-t-il, fait partie de la condition humaine et est particuli\u00e8rement dramatique pour les ath\u00e9es: d&rsquo;o\u00f9 venons-nous? O\u00f9 allons-nous? C&rsquo;est dans cet esprit que Pascal a parl\u00e9 avec amertume de la \u00ab\u00a0mis\u00e8re de l&rsquo;homme sans Dieu\u00a0\u00bb. <\/strong><\/span><\/h2>\n<h2 style=\"text-align: justify;\"><span style=\"color: #99ccff;\"><strong>Ainsi, la question de Dieu appara\u00eet fortement li\u00e9e aux grandes questions existentielles. Au sens m\u00eame de la vie. Sommes-nous jet\u00e9s dans le monde sans raison ? Quelle est notre finalit\u00e9 ? Dans un passage path\u00e9tique, le pape Jean-Paul II, lors de son passage au Br\u00e9sil, interrogeait ainsi l&rsquo;humanit\u00e9: <\/strong><strong>\u00abHOMME, O\u00d9 VAS-TU ? Vers quels horizons se dirigent les efforts par lesquels tu construis p\u00e9niblement ton lendemain ? Quels sont les buts que tu esp\u00e8res atteindre \u00e0 travers les luttes, le travail, les sacrifices auxquels tu te soumets jour apr\u00e8s jour ?\u00bb Oui, o\u00f9 va l&rsquo;homme sur la route de la vie ?<\/strong><\/span><\/h2>\n<h2 style=\"text-align: justify;\"><span style=\"color: #00ff00;\"><strong><em>Y a-t-il une justice quelque part?<\/em><\/strong><\/span><\/h2>\n<h2 style=\"text-align: justify;\"><span style=\"color: #99ccff;\"><strong>C\u2019est ici que se pose avec le plus d&rsquo;acuit\u00e9 la question de Dieu. <\/strong><strong>Que l&rsquo;on soit croyant ou non, il r\u00e9pugne \u00e0 l&rsquo;intelligence de penser que notre propre vie dans laquelle nous avons tellement investi nous soit retir\u00e9e. Que le fruit de notre travail et de nos efforts soit b\u00eatement an\u00e9anti. Il doit bien y avoir une justice quelque part. Cette croyance est fond\u00e9e sur le d\u00e9sir, fortement ancr\u00e9 chez l&rsquo;\u00eatre humain, qui veut que tout ce qu&rsquo;il y a de beau, de grand, de positif ne puisse \u00eatre vaincu par la mort. <\/strong><\/span><\/h2>\n<h2 style=\"text-align: justify;\"><span style=\"color: #99ccff;\"><strong>Ce sentiment est si \u00e9lev\u00e9 que la personne qui pense ainsi est d\u00e9j\u00e0 entr\u00e9e dans l&rsquo;univers religieux, qu&rsquo;il le nomme Dieu ou non. Le d\u00e9sir d&rsquo;immortalit\u00e9 et la conscience de la transcendance m\u00e8nent tout droit au myst\u00e8re divin. C\u2019est comme si l&rsquo;infini creusait l&rsquo;\u00e2me et ouvrait \u00e0 la r\u00e9alit\u00e9 divine. C&rsquo;est alors que l&rsquo;id\u00e9e d&rsquo;une puissance sup\u00e9rieure vient spontan\u00e9ment \u00e0 l&rsquo;esprit. <\/strong><\/span><\/h2>\n<h2 style=\"text-align: justify;\"><span style=\"color: #00ff00;\"><strong><em>Mon pari sur Dieu<\/em><\/strong><\/span><\/h2>\n<h2 style=\"text-align: justify;\"><span style=\"color: #99ccff;\"><strong>Cette puissance sup\u00e9rieure n&rsquo;est cependant pas des plus \u00e9videntes. Elle demeure obscur\u00e9ment cach\u00e9e. \u00abDieu, personne ne l&rsquo;a vu\u00bb, nous dit la Bible. <\/strong><strong>Aussi, pour en parler, est-il n\u00e9cessaire d&rsquo;en t\u00e9moigner. Dans cette foul\u00e9e, <\/strong><strong>si vous me demandez \u00abCroyez-vous en Dieu?\u00bb, je vous r\u00e9pondrai sans h\u00e9siter: \u00abOui\u00bb. Si vous me demandez \u00abAvez-vous rencontr\u00e9 Dieu?\u00bb, je r\u00e9pondrai \u00abOui\u00bb, mais \u00e7a n&rsquo;a jamais \u00e9t\u00e9 le coup de foudre. Je n&rsquo;ai jamais atteint l&rsquo;ivresse de Dieu et encore moins la \u00abfolie\u00bb de Dieu. Mon exp\u00e9rience s&rsquo;est d\u00e9roul\u00e9e de fa\u00e7on tout \u00e0 fait humble et prosa\u00efque, mais ce fut non moins sinc\u00e8re et authentique. <\/strong><\/span><\/h2>\n<h2 style=\"text-align: justify;\"><span style=\"color: #99ccff;\"><strong>J&rsquo;appartiens \u00e0 la cat\u00e9gorie de ceux qui ont pari\u00e9 sur Dieu et qui entendent tenir leur pari jusqu&rsquo;au bout. Ma foi ne rel\u00e8ve pas d&rsquo;une simple croyance, mais d&rsquo;un parti pris, c&rsquo;est-\u00e0-dire d&rsquo;un choix, d&rsquo;un pari. Pour expliquer ce pari, j&#8217;emprunterai volontiers la parabole d&rsquo;un pasteur de l&rsquo;\u00c9glise r\u00e9form\u00e9e de l&rsquo;\u00c9toile. La voici: \u00abU<\/strong><strong>n homme monte sur un chemin de montagne. \u00c0 la main, il porte un flambeau avec d\u00e9termination, et pourtant il tr\u00e9buche presque \u00e0 chaque pas. En effet, il est aveugle. \u00abMais alors, lui dit-on, ce flambeau, pourquoi vous en encombrer?\u00bb Et l&rsquo;aveugle de r\u00e9pondre: \u00abEn portant ce flambeau, je veux faire honneur \u00e0 la lumi\u00e8re que je ne vois pas. Je veux porter haut le flambeau de la lumi\u00e8re et servir la v\u00e9rit\u00e9 que je ne vois pas. Je porte ce flambeau gratuitement, par esp\u00e9rance en la v\u00e9rit\u00e9 de la lumi\u00e8re. Je le porte par la foi.\u00bb<\/strong><\/span><\/h2>\n<h2 style=\"text-align: justify;\"><span style=\"color: #00ff00;\"><strong><em>Je n&rsquo;ai pas de certitude, mais je sais<\/em><\/strong><\/span><\/h2>\n<h2 style=\"text-align: justify;\"><span style=\"color: #99ccff;\"><strong>Ainsi, je n&rsquo;ai pas la certitude que Dieu existe, mais je sais qu&rsquo;il existe. Je ne peux pas d\u00e9montrer son existence, mais j<\/strong><strong>e sais que Dieu ne se comprend pas rationnellement. Dieu, s&rsquo;il existe, fait partie des r\u00e9alit\u00e9s cach\u00e9es, profondes, myst\u00e9rieuses, impalpables, qui <em>s\u2019\u00e9prouvent plus qu\u2019elles se prouvent<\/em>.<\/strong><strong> Voil\u00e0 pourquoi la <\/strong><strong>preuve de Dieu n&rsquo;est pas inscrite dans l&rsquo;intelligence, mais dans le c\u0153ur de l&rsquo;\u00eatre humain. Comme le dit Pascal\u00a0: \u00abIl faut <em>aimer<\/em> les v\u00e9rit\u00e9s pour les <em>conna\u00eetre\u00bb<\/em>. Il rejoint par l\u00e0 toute la tradition chr\u00e9tienne o\u00f9 l&rsquo;on voit tr\u00e8s t\u00f4t l\u2019affirmation de la primaut\u00e9 de l\u2019amour dans la connaissance de Dieu. Cela confirme en m\u00eame temps la c\u00e9l\u00e8bre affirmation du grand ap\u00f4tre\u00a0sur la nature de Dieu : <em>\u00ab Dieu est amour ! \u00bb.<\/em><\/strong><\/span><\/h2>\n<h2 style=\"text-align: justify;\"><span style=\"color: #99ccff;\"><strong>Jean-Paul Simard<\/strong><\/span><\/h2>\n<hr \/>\n<h2><span style=\"color: #ff99cc;\">(Si vous aimez cet article, partagez-le&#8230;, Dieu vous le rendra&#8230;)<\/span><\/h2>\n<h2><span style=\"color: #ffcc00;\">POUR ALLER PLUS LOIN :<\/span><\/h2>\n<h2><span style=\"color: #ffcc00;\">Une proposition de Dieu qui ne vous laissera pas indiff\u00e9rent&#8230;\u00a0<\/span><\/h2>\n<h2><span style=\"color: #00ff00;\"><em><a style=\"color: #00ff00;\" href=\"http:\/\/jeanpaulsimard.com\/index.php\/sample-page\/renouer-avec-dieu\/\">http:\/\/jeanpaulsimard.com\/index.php\/sample-page\/renouer-avec-dieu\/<\/a><\/em><\/span><\/h2>\n<p>&nbsp;<\/p>\n<p>&nbsp;<\/p>\n<div class=\"sharedaddy sd-sharing-enabled\"><div class=\"robots-nocontent sd-block sd-social sd-social-icon-text sd-sharing\"><h3 class=\"sd-title\">Partager\u00a0:<\/h3><div class=\"sd-content\"><ul><li class=\"share-facebook\"><a rel=\"nofollow noopener noreferrer\" data-shared=\"sharing-facebook-3200\" class=\"share-facebook sd-button share-icon\" href=\"https:\/\/jeanpaulsimard.com\/index.php\/2016\/10\/30\/mon-pari-sur-dieu\/?share=facebook\" target=\"_blank\" title=\"Cliquez pour partager sur Facebook\"><span>Facebook<\/span><\/a><\/li><li class=\"share-twitter\"><a rel=\"nofollow noopener noreferrer\" data-shared=\"sharing-twitter-3200\" class=\"share-twitter sd-button share-icon\" href=\"https:\/\/jeanpaulsimard.com\/index.php\/2016\/10\/30\/mon-pari-sur-dieu\/?share=twitter\" target=\"_blank\" title=\"Cliquez pour partager sur Twitter\"><span>Twitter<\/span><\/a><\/li><li class=\"share-linkedin\"><a rel=\"nofollow noopener noreferrer\" data-shared=\"sharing-linkedin-3200\" class=\"share-linkedin sd-button share-icon\" href=\"https:\/\/jeanpaulsimard.com\/index.php\/2016\/10\/30\/mon-pari-sur-dieu\/?share=linkedin\" target=\"_blank\" title=\"Cliquez pour partager sur LinkedIn\"><span>LinkedIn<\/span><\/a><\/li><li class=\"share-pinterest\"><a rel=\"nofollow noopener noreferrer\" data-shared=\"sharing-pinterest-3200\" class=\"share-pinterest sd-button share-icon\" href=\"https:\/\/jeanpaulsimard.com\/index.php\/2016\/10\/30\/mon-pari-sur-dieu\/?share=pinterest\" target=\"_blank\" title=\"Cliquez pour partager sur Pinterest\"><span>Pinterest<\/span><\/a><\/li><li class=\"share-email\"><a rel=\"nofollow noopener noreferrer\" data-shared=\"\" class=\"share-email sd-button share-icon\" href=\"https:\/\/jeanpaulsimard.com\/index.php\/2016\/10\/30\/mon-pari-sur-dieu\/?share=email\" target=\"_blank\" title=\"Cliquez pour envoyer par e-mail \u00e0 un ami\"><span>E-mail<\/span><\/a><\/li><li class=\"share-print\"><a rel=\"nofollow noopener noreferrer\" data-shared=\"\" class=\"share-print sd-button share-icon\" href=\"https:\/\/jeanpaulsimard.com\/index.php\/2016\/10\/30\/mon-pari-sur-dieu\/\" target=\"_blank\" title=\"Cliquer pour imprimer\"><span>Imprimer<\/span><\/a><\/li><li class=\"share-end\"><\/li><\/ul><\/div><\/div><\/div>","protected":false},"excerpt":{"rendered":"<p>A Pour lire l&rsquo;article, cliquez ici : http:\/\/jeanpaulsimard.com\/wp-content\/uploads\/2016\/10\/VIVRE-DOSSIER-SUR-DIEU-ilovepdf-compressed.pdf\u00a0 (Article paru dans le magazine\u00a0VIVRE) POUR ALLER PLUS LOIN : Lisez une proposition de Dieu qui ne vous laissera pas indiff\u00e9rent&#8230;\u00a0 http:\/\/jeanpaulsimard.com\/index.php\/sample-page\/renouer-avec-dieu\/ MON PARI SUR DIEU LE \u00a0C\u00c9L\u00c8BRE professeur de psychiatrie, David Servan-Schreiber, maintenant d\u00e9c\u00e9d\u00e9, donna un jour ce t\u00e9moignage: \u00ab\u00c0 15 ans, dans une \u00e9glise de [&hellip;]<\/p>\n<div class=\"sharedaddy sd-sharing-enabled\"><div class=\"robots-nocontent sd-block sd-social sd-social-icon-text sd-sharing\"><h3 class=\"sd-title\">Partager\u00a0:<\/h3><div class=\"sd-content\"><ul><li class=\"share-facebook\"><a rel=\"nofollow noopener noreferrer\" data-shared=\"sharing-facebook-3200\" class=\"share-facebook sd-button share-icon\" href=\"https:\/\/jeanpaulsimard.com\/index.php\/2016\/10\/30\/mon-pari-sur-dieu\/?share=facebook\" target=\"_blank\" title=\"Cliquez pour partager sur Facebook\"><span>Facebook<\/span><\/a><\/li><li class=\"share-twitter\"><a rel=\"nofollow noopener noreferrer\" data-shared=\"sharing-twitter-3200\" class=\"share-twitter sd-button share-icon\" href=\"https:\/\/jeanpaulsimard.com\/index.php\/2016\/10\/30\/mon-pari-sur-dieu\/?share=twitter\" target=\"_blank\" title=\"Cliquez pour partager sur Twitter\"><span>Twitter<\/span><\/a><\/li><li class=\"share-linkedin\"><a rel=\"nofollow noopener noreferrer\" data-shared=\"sharing-linkedin-3200\" class=\"share-linkedin sd-button share-icon\" href=\"https:\/\/jeanpaulsimard.com\/index.php\/2016\/10\/30\/mon-pari-sur-dieu\/?share=linkedin\" target=\"_blank\" title=\"Cliquez pour partager sur LinkedIn\"><span>LinkedIn<\/span><\/a><\/li><li class=\"share-pinterest\"><a rel=\"nofollow noopener noreferrer\" data-shared=\"sharing-pinterest-3200\" class=\"share-pinterest sd-button share-icon\" href=\"https:\/\/jeanpaulsimard.com\/index.php\/2016\/10\/30\/mon-pari-sur-dieu\/?share=pinterest\" target=\"_blank\" title=\"Cliquez pour partager sur Pinterest\"><span>Pinterest<\/span><\/a><\/li><li class=\"share-email\"><a rel=\"nofollow noopener noreferrer\" data-shared=\"\" class=\"share-email sd-button share-icon\" href=\"https:\/\/jeanpaulsimard.com\/index.php\/2016\/10\/30\/mon-pari-sur-dieu\/?share=email\" target=\"_blank\" title=\"Cliquez pour envoyer par e-mail \u00e0 un ami\"><span>E-mail<\/span><\/a><\/li><li class=\"share-print\"><a rel=\"nofollow noopener noreferrer\" data-shared=\"\" class=\"share-print sd-button share-icon\" href=\"https:\/\/jeanpaulsimard.com\/index.php\/2016\/10\/30\/mon-pari-sur-dieu\/\" target=\"_blank\" title=\"Cliquer pour imprimer\"><span>Imprimer<\/span><\/a><\/li><li class=\"share-end\"><\/li><\/ul><\/div><\/div><\/div>","protected":false},"author":3,"featured_media":0,"comment_status":"open","ping_status":"open","sticky":false,"template":"","format":"standard","meta":{"spay_email":"","jetpack_publicize_message":"","jetpack_is_tweetstorm":false},"categories":[24,60,55,56,59,58,20,52,25,48,65,64,66,47,61,53,57,46,54,68,63,43,44,27,51,67,62,2,49,45,50],"tags":[],"jetpack_featured_media_url":"","jetpack_publicize_connections":[],"jetpack_sharing_enabled":true,"jetpack_shortlink":"https:\/\/wp.me\/p6sIY6-PC","jetpack-related-posts":[{"id":2017,"url":"https:\/\/jeanpaulsimard.com\/index.php\/2015\/11\/07\/dieu-nous-ecoute-t-il-quand-on-prie-2\/","url_meta":{"origin":3200,"position":0},"title":"DIEU NOUS \u00c9COUTE-T-IL QUAND ON PRIE ?","date":"7 novembre 2015","format":false,"excerpt":"Combien se posent la question\u00a0: \u00ab QUAND JE PRIE, DIEU M'\u00c9COUTE-T-IL VRAIMENT ? \u00bb ou \u00ab\u00c9COUTE-T-IL NOS PRI\u00c8RES? \u00bb. Pour r\u00e9pondre \u00e0 la question, il faut comprendre la P\u00c9DAGOGIE\u00a0DIVINE. \u00a0 \u00a0 QUAND VOUS PRIEZ, consid\u00e9rez votre pri\u00e8re comme une graine que vous semez. \u00a0Il faut qu\u2019elle croisse. Quant \u00e0 savoir\u2026","rel":"","context":"Dans &quot;Actualit\u00e9&quot;","img":{"alt_text":"6221-perce-du-soleil-WallFizz","src":"https:\/\/i0.wp.com\/jeanpaulsimard.com\/wp-content\/uploads\/2015\/11\/6221-perce-du-soleil-WallFizz-1024x576.jpg?resize=350%2C200","width":350,"height":200},"classes":[]},{"id":1557,"url":"https:\/\/jeanpaulsimard.com\/index.php\/2015\/09\/27\/dieu-peut-il-nous-guerir-dune-maladie-2\/","url_meta":{"origin":3200,"position":1},"title":"DIEU PEUT-IL NOUS GU\u00c9RIR D'UNE MALADIE ?","date":"27 septembre 2015","format":false,"excerpt":"\u00a0COMMENT FAIRE APPEL \u00c0 LA PUISSANCE DIVINE POUR GU\u00c9RIR ? \u00a0IL FAUT D'ABORD ouvrir sa conscience \u00e0 L\u2019\u00c9NERGIE DIVINE. C'est alors que nous pouvons y d\u00e9couvrir UNE SOURCE DE GU\u00c9RISON PRODIGIEUSE. \u00a0POUR APPELER CETTE FORCE CURATIVE DIVINE, vous pouvez dire, selon la partie malade de votre corps: \u00abDieu cr\u00e9ateur, r\u00e9tablis\u2026","rel":"","context":"Dans &quot;Actualit\u00e9&quot;","img":{"alt_text":"colombe","src":"https:\/\/i2.wp.com\/jeanpaulsimard.com\/wp-content\/uploads\/2015\/07\/colombe3.png?resize=350%2C200","width":350,"height":200},"classes":[]},{"id":3303,"url":"https:\/\/jeanpaulsimard.com\/index.php\/2016\/12\/01\/lavent-ou-la-nostalgie-de-dieu-2\/","url_meta":{"origin":3200,"position":2},"title":"L'AVENT OU LA NOSTALGIE DE DIEU","date":"1 d\u00e9cembre 2016","format":false,"excerpt":"Je vous partage mon plus r\u00e9cent article sur l'Avent paru dans la revue Sainte-Anne du mois de d\u00e9cembre : \u00a0 \u00a0 \u00a0 Pour lire l'article cliquez sur le lien suivant: http:\/\/jeanpaulsimard.com\/wp-content\/uploads\/2016\/11\/10-ARTICLE-LAVENT-OU-LA-NOSTALGIE-DE-DIEU.pdf (Partagez cet article si vous le pouvez...) \u00a0 SUR LE M\u00caME TH\u00c8ME\u00a0: \u00abMON PARI SUR DIEU\u00bb http:\/\/jeanpaulsimard.com\/index.php\/2016\/10\/30\/mon-pari-sur-dieu\/ \u00abDIEU, S'IL\u2026","rel":"","context":"Dans &quot;Actualit\u00e9&quot;","img":{"alt_text":"47363568-noel-couronne-de-l-avent-avec-quatre-bougies-allumees-pour-le-4e-dimanche-de-l-avent-de-concept-trad","src":"https:\/\/i1.wp.com\/jeanpaulsimard.com\/wp-content\/uploads\/2016\/12\/47363568-noel-couronne-de-l-avent-avec-quatre-bougies-allumees-pour-le-4e-dimanche-de-l-avent-de-concept-trad.jpg?resize=350%2C200","width":350,"height":200},"classes":[]},{"id":3430,"url":"https:\/\/jeanpaulsimard.com\/index.php\/2017\/05\/28\/ma-priere-universelle-pour-la-paix\/","url_meta":{"origin":3200,"position":3},"title":"MA PRI\u00c8RE UNIVERSELLE POUR LA PAIX","date":"28 mai 2017","format":false,"excerpt":"J\u2019ai compos\u00e9 cette pri\u00e8re universelle pour la paix. Qui veut la dire avec moi ? Plus nous serons nombreux \u00e0 la dire et plus nous aurons de chances de toucher le c\u0153ur de Dieu\u2026 PARTAGEZ-LA LE PLUS POSSIBLE\u2026 (\u00c0 dire en famille, avant une r\u00e9union, dans un office religieux, lors\u2026","rel":"","context":"Dans &quot;Actualit\u00e9&quot;","img":{"alt_text":"","src":"https:\/\/i1.wp.com\/jeanpaulsimard.com\/wp-content\/uploads\/2017\/05\/906x510.jpg?resize=350%2C200&ssl=1","width":350,"height":200},"classes":[]},{"id":2103,"url":"https:\/\/jeanpaulsimard.com\/index.php\/2015\/12\/05\/saviez-vous-que-nous-possedons-un-selfie-de-dieu\/","url_meta":{"origin":3200,"position":4},"title":"SAVIEZ-VOUS QUE NOUS POSS\u00c9DONS UN \u00abSELFIE\u00bb DE DIEU ?","date":"5 d\u00e9cembre 2015","format":false,"excerpt":"QUI EST DIEU ? On dit que LA QUESTION LA PLUS POS\u00c9E sur Google\u00a0est \u00ab QUI EST DIEU ? \u00bb Peut-on se faire UNE IMAGE DE DIEU ? Peut-on imaginer une forme quelconque de repr\u00e9sentation de Dieu ? Dieu personne ne l'a vu Certes, on ne peut obtenir UN PORTRAIT\u2026","rel":"","context":"Dans &quot;Actualit\u00e9&quot;","img":{"alt_text":"sixtine","src":"https:\/\/i1.wp.com\/jeanpaulsimard.com\/wp-content\/uploads\/2015\/12\/sixtine.jpg?resize=350%2C200","width":350,"height":200},"classes":[]},{"id":1059,"url":"https:\/\/jeanpaulsimard.com\/index.php\/2015\/08\/16\/comment-prier-voici-une-priere-universelle\/","url_meta":{"origin":3200,"position":5},"title":"Comment prier ? Voici une pri\u00e8re universelle","date":"16 ao\u00fbt 2015","format":false,"excerpt":"COMMENT PRIER ? MA FA\u00c7ON DE PRIER est relativement simple. Elle s'inspire de la m\u00e9thode du c\u00e9l\u00e8bre moine b\u00e9n\u00e9dictin, John Main, d\u00e9c\u00e9d\u00e9 en 1982. D\u00e9sireux d'apporter une r\u00e9ponse pratique \u00e0 la qu\u00eate spirituelle de ses contemporains, il proposa une forme de pri\u00e8re simple, d\u00e9pouill\u00e9e, silencieuse, accessible \u00e0 toute personne et\u2026","rel":"","context":"Dans &quot;Actualit\u00e9&quot;","img":{"alt_text":"","src":"https:\/\/i1.wp.com\/jeanpaulsimard.com\/wp-content\/uploads\/2015\/08\/images-24.jpg?resize=350%2C200","width":350,"height":200},"classes":[]}],"_links":{"self":[{"href":"https:\/\/jeanpaulsimard.com\/index.php\/wp-json\/wp\/v2\/posts\/3200"}],"collection":[{"href":"https:\/\/jeanpaulsimard.com\/index.php\/wp-json\/wp\/v2\/posts"}],"about":[{"href":"https:\/\/jeanpaulsimard.com\/index.php\/wp-json\/wp\/v2\/types\/post"}],"author":[{"embeddable":true,"href":"https:\/\/jeanpaulsimard.com\/index.php\/wp-json\/wp\/v2\/users\/3"}],"replies":[{"embeddable":true,"href":"https:\/\/jeanpaulsimard.com\/index.php\/wp-json\/wp\/v2\/comments?post=3200"}],"version-history":[{"count":31,"href":"https:\/\/jeanpaulsimard.com\/index.php\/wp-json\/wp\/v2\/posts\/3200\/revisions"}],"predecessor-version":[{"id":3505,"href":"https:\/\/jeanpaulsimard.com\/index.php\/wp-json\/wp\/v2\/posts\/3200\/revisions\/3505"}],"wp:attachment":[{"href":"https:\/\/jeanpaulsimard.com\/index.php\/wp-json\/wp\/v2\/media?parent=3200"}],"wp:term":[{"taxonomy":"category","embeddable":true,"href":"https:\/\/jeanpaulsimard.com\/index.php\/wp-json\/wp\/v2\/categories?post=3200"},{"taxonomy":"post_tag","embeddable":true,"href":"https:\/\/jeanpaulsimard.com\/index.php\/wp-json\/wp\/v2\/tags?post=3200"}],"curies":[{"name":"wp","href":"https:\/\/api.w.org\/{rel}","templated":true}]}}