{"id":3101,"date":"2016-07-19T09:05:18","date_gmt":"2016-07-19T13:05:18","guid":{"rendered":"http:\/\/jeanpaulsimard.com\/?p=3101"},"modified":"2016-07-26T16:26:59","modified_gmt":"2016-07-26T20:26:59","slug":"5-remedes-a-la-tristesse","status":"publish","type":"post","link":"https:\/\/jeanpaulsimard.com\/index.php\/2016\/07\/19\/5-remedes-a-la-tristesse\/","title":{"rendered":"5 REM\u00c8DES \u00c0 LA TRISTESSE"},"content":{"rendered":"<h1 style=\"text-align: left;\"><span style=\"color: #ffcc00;\"><strong><a href=\"https:\/\/i2.wp.com\/jeanpaulsimard.com\/wp-content\/uploads\/2016\/07\/468X624.jpg\"><img loading=\"lazy\" class=\"size-full wp-image-3107 alignleft\" src=\"https:\/\/i2.wp.com\/jeanpaulsimard.com\/wp-content\/uploads\/2016\/07\/468X624.jpg?resize=468%2C624\" alt=\"468X624\" width=\"468\" height=\"624\" srcset=\"https:\/\/i2.wp.com\/jeanpaulsimard.com\/wp-content\/uploads\/2016\/07\/468X624.jpg?w=468&amp;ssl=1 468w, https:\/\/i2.wp.com\/jeanpaulsimard.com\/wp-content\/uploads\/2016\/07\/468X624.jpg?resize=225%2C300&amp;ssl=1 225w, https:\/\/i2.wp.com\/jeanpaulsimard.com\/wp-content\/uploads\/2016\/07\/468X624.jpg?resize=1%2C1&amp;ssl=1 1w\" sizes=\"(max-width: 468px) 100vw, 468px\" data-recalc-dims=\"1\" \/><\/a>Les 5 rem\u00e8des \u00e0 la tristesse de Saint Thomas d&rsquo;Aquin<\/strong><\/span><\/h1>\n<h2 style=\"text-align: left;\"><span style=\"color: #99ccff;\"><strong>Un article du journaliste Don Carlo de Marchi, dans <em>Aleteia,<\/em> m&rsquo;a r\u00e9cemment beaucoup interpell\u00e9.<br \/>\nCet article s&rsquo;intitule <em>\u00abLes 5 rem\u00e8des \u00e0 la tristesse selon saint Thomas d&rsquo;Aquin\u00bb.<\/em> Selon le journaliste, les cinq rem\u00e8des du c\u00e9l\u00e8bre philosophe et th\u00e9ologien du Moyen-\u00c2ge (1224-1274) se r\u00e9v\u00e8lent d&rsquo;une \u00e9tonnante efficacit\u00e9. <\/strong><strong>\u00a0<\/strong><\/span><\/h2>\n<h2 style=\"text-align: right;\"><span style=\"color: #99ccff;\"><strong><span style=\"color: #ffcc00;\">Le premier rem\u00e8de r\u00e9side dans le plaisir.<\/span>\u00a0<\/strong><\/span><\/h2>\n<h2 style=\"text-align: justify;\"><span style=\"color: #99ccff;\"><strong>Quels plaisirs ? Tous les plaisirs licites, bien s\u00fbr. Cela peut para\u00eetre un peu mat\u00e9rialiste de dire \u00e7a, mais \u00e0 l&rsquo;instar du journaliste Don Carlo, on peut prendre la comparaison du chocolat noir, dont on reconna\u00eet de nos jours l&rsquo;effet antid\u00e9presseur. M\u00eame chose pour une bonne bi\u00e8re qui peut faire oublier une journ\u00e9e d&rsquo;amertume. On dit que Thomas d&rsquo;Aquin \u00e9tait ob\u00e8se et aimait bien boire et manger. Rien d&rsquo;incompatible en cela avec l&rsquo;\u00c9vangile. Qui ne conna\u00eet la parole de Luc\u00a0:<\/strong> <strong>\u00ab<\/strong><strong>Le Fils de l&rsquo;homme est venu, mangeant et buvant, et vous dites: c&rsquo;est un mangeur et un buveur\u00bb (7,33) ?<\/strong><strong> Avant et apr\u00e8s sa r\u00e9surrection, J\u00e9sus n&rsquo;a-t-il par particip\u00e9 \u00e0 des d\u00e9jeuners et des banquets, et appr\u00e9ci\u00e9 nombre de belles choses de la vie? <\/strong><\/span><\/h2>\n<h2 style=\"text-align: right;\"><span style=\"color: #99ccff;\"><span style=\"color: #ffcc00;\"><strong>Le deuxi\u00e8me rem\u00e8de consiste \u00e0 pleurer.<\/strong><\/span>\u00a0<\/span><\/h2>\n<h2 style=\"text-align: justify;\"><span style=\"color: #99ccff;\"><strong>Pleurer est parfois le meilleur moyen de s\u2019exprimer et de se lib\u00e9rer d&rsquo;une douleur devenue accablante. Pour surmonter la m\u00e9lancolie, il faut un exutoire, une soupape, sinon l\u2019amertume s\u2019accumule et envahit toutes les plages de la vie. On se rappellera que J\u00e9sus a pleur\u00e9 sur le sort de ses amis. Et le pape Fran\u00e7ois observe que \u00ab\u00a0certaines r\u00e9alit\u00e9s de la vie ne sont visibles qu\u2019une fois nos yeux lav\u00e9s par les larmes. Je vous enjoins tous \u00e0 vous demander\u00a0: ai-je appris \u00e0 pleurer\u00a0?\u00a0\u00bb. Le pape ne fait que rejoindre en cela la sagesse biblique qui dit\u00a0: <\/strong><strong><em>\u00abCeux qui s\u00e8ment dans les larmes moissonneront dans l&rsquo;all\u00e9gresse\u00bb<\/em><\/strong><strong> (Ps 126, 5).<\/strong><\/span><\/h2>\n<h2 style=\"text-align: right;\"><span style=\"color: #99ccff;\"><span style=\"color: #ffcc00;\"><strong>Le troisi\u00e8me rem\u00e8de est la compassion de nos amis.<\/strong><\/span>\u00a0<\/span><\/h2>\n<h2 style=\"text-align: justify;\"><span style=\"color: #99ccff;\"><strong>Parler \u00e0 des amis en qui on a confiance de sa peine, de sa douleur entra\u00eene un soulagement. Savoir engager une conversation avec une personne accueillante, capable de recevoir nos confidences fait b\u00e9n\u00e9ficier de la compassion des autres. Mais pour cela, il ne faut pas c\u00e9der \u00e0 la tentation du repli sur soi.<\/strong><\/span><\/h2>\n<h2 style=\"text-align: justify;\"><span style=\"color: #99ccff;\"><strong>Beaucoup de personnes ont peur de se confier, pr\u00e9textant qu&rsquo;elles ne veulent pas d\u00e9ranger. Il faut savoir que la compassion est un sentiment naturel. On la d\u00e9finit, d&rsquo;ailleurs, <\/strong><strong>comme une forme de sympathie ou d\u2019ouverture vis-\u00e0-vis la souffrance de l&rsquo;autre, associ\u00e9e au souhait de le lib\u00e9rer de cette souffrance. <\/strong><\/span><\/h2>\n<h2 style=\"text-align: justify;\"><span style=\"color: #99ccff;\"><strong>Dans la pens\u00e9e bouddhiste, la compassion est la forme que prend l&rsquo;amour altruiste lorsqu\u2019il est confront\u00e9 aux souffrances d&rsquo;autrui. Elle est d\u00e9finie comme \u00able souhait que tous les \u00eatres soient lib\u00e9r\u00e9s de la souffrance et de ses causes\u00bb. Quel bel exemple ne trouvons-nous pas dans l\u2019\u00c9vangile avec le bon Samaritain ! N\u2019y a-t-il pas toujours dans la vie un bon Samaritain pr\u00eat \u00e0 soulager notre d\u00e9tresse ? <\/strong><\/span><\/h2>\n<h2 style=\"text-align: right;\"><span style=\"color: #ffcc00;\"><strong>Le quatri\u00e8me rem\u00e8de est la contemplation de la v\u00e9rit\u00e9.<\/strong><\/span><\/h2>\n<h2 style=\"text-align: justify;\"><span style=\"color: #99ccff;\"><strong>Thomas d&rsquo;Aquin entend par l\u00e0 la contemplation de la splendeur des choses, celle de la nature, de la beaut\u00e9 d\u2019un paysage, d\u2019une \u0153uvre d\u2019art, celle de la musique, qui peut \u00eatre un baume particuli\u00e8rement efficace contre la tristesse. Et j&rsquo;en sais quelque chose. <\/strong><strong>J\u2019ai moi-m\u00eame le bonheur d\u2019habiter l\u2019une des r\u00e9gions les plus belles de la plan\u00e8te. Une r\u00e9gion qui poss\u00e8de une \u00e2me cosmique d\u2019une telle magnificence et d\u2019une telle splendeur que les mots d\u00e9faillent pour en traduire la beaut\u00e9. Cette \u00e2me s\u2019incarne dans le majestueux Fjord marin du Saguenay. Combien de fois, dans ma vie, j&rsquo;ai b\u00e9n\u00e9fici\u00e9 de la compassion du Fjord. La nature a cette capacit\u00e9 de faire dispara\u00eetre les angles morts de la vie. Souvent, lorsque mes plans se d\u00e9coloraient ou que la vie me donnait peu de gratification, je suis all\u00e9 me confier au Fjord avec l\u2019\u00e2me d\u2019un enfant qui s\u2019ouvre \u00e0 sa m\u00e8re. <\/strong><\/span><\/h2>\n<h2 style=\"text-align: right;\"><span style=\"color: #ffcc00;\"><strong>Le cinqui\u00e8me rem\u00e8de, dormir et faire sa toilette. <\/strong><\/span><\/h2>\n<h2 style=\"text-align: justify;\"><span style=\"color: #99ccff;\"><strong>Conseil assez surprenant pour un ma\u00eetre du Moyen-\u00c2ge. Thomas d&rsquo;Aquin affirme que dormir et faire sa toilette sont d\u2019excellents rem\u00e8des \u00e0 la tristesse. Il con\u00e7oit qu\u2019un soulagement corporel est utile pour rem\u00e9dier \u00e0 un mal psychologique. Nous connaissons d\u00e9j\u00e0 les propri\u00e9t\u00e9s du sommeil. Quant \u00e0 la toilette, je donnerai l&rsquo;exemple suivant. Il y a quelques ann\u00e9es, un slogan publicitaire fit la fortune d&rsquo;un propri\u00e9taire d&rsquo;une cha\u00eene de salons de coiffure pr\u00e9sente dans 36 pays. Ce slogan clamait: \u00abRecoiffe-moi le moral\u00bb. Effectivement, aller chez le coiffeur, avoir une \u00abnouvelle t\u00eate\u00bb, bien s&rsquo;habiller, n&rsquo;est-il pas bon pour le moral ?<\/strong><\/span><\/h2>\n<h2 style=\"text-align: justify;\"><span style=\"color: #99ccff;\"><strong>Comment mieux conclure qu&rsquo;en retournant encore une fois \u00e0 la sagesse biblique qui dit\u00a0: \u00abEt votre tristesse se changera en joie.\u00bb<\/strong><\/span><\/h2>\n<h2 style=\"text-align: justify;\"><span style=\"color: #99ccff;\"><strong><em>Jean-Paul Simard<\/em><\/strong><\/span><\/h2>\n<p>&nbsp;<\/p>\n<hr \/>\n<h2 style=\"text-align: justify;\"><span style=\"color: #00ff00;\">\u00a0POUR ALLER PLUS LOIN :<\/span><\/h2>\n<h2 style=\"text-align: justify;\"><em><span style=\"color: #00ff00;\"><strong>\u00a0<span style=\"color: #00ff00;\"><a style=\"color: #00ff00;\" href=\"http:\/\/jeanpaulsimard.com\/index.php\/2016\/02\/17\/trousse-spirituelle-de-premiers-soins\/\">http:\/\/jeanpaulsimard.com\/index.php\/2016\/02\/17\/trousse-spirituelle-de-premiers-soins\/<\/a><\/span><\/strong><\/span><\/em><\/h2>\n<p><strong>\u00a0<\/strong><\/p>\n<h2><span style=\"color: #ffcc00;\"><strong>Suivez-moi sur TWITTER\u00a0: @jeanpaulsim<\/strong><\/span><\/h2>\n<p>&nbsp;<\/p>\n<div class=\"sharedaddy sd-sharing-enabled\"><div class=\"robots-nocontent sd-block sd-social sd-social-icon-text sd-sharing\"><h3 class=\"sd-title\">Partager\u00a0:<\/h3><div class=\"sd-content\"><ul><li class=\"share-facebook\"><a rel=\"nofollow noopener noreferrer\" data-shared=\"sharing-facebook-3101\" class=\"share-facebook sd-button share-icon\" href=\"https:\/\/jeanpaulsimard.com\/index.php\/2016\/07\/19\/5-remedes-a-la-tristesse\/?share=facebook\" target=\"_blank\" title=\"Cliquez pour partager sur Facebook\"><span>Facebook<\/span><\/a><\/li><li class=\"share-twitter\"><a rel=\"nofollow noopener noreferrer\" data-shared=\"sharing-twitter-3101\" class=\"share-twitter sd-button share-icon\" href=\"https:\/\/jeanpaulsimard.com\/index.php\/2016\/07\/19\/5-remedes-a-la-tristesse\/?share=twitter\" target=\"_blank\" title=\"Cliquez pour partager sur Twitter\"><span>Twitter<\/span><\/a><\/li><li class=\"share-linkedin\"><a rel=\"nofollow noopener noreferrer\" data-shared=\"sharing-linkedin-3101\" class=\"share-linkedin sd-button share-icon\" href=\"https:\/\/jeanpaulsimard.com\/index.php\/2016\/07\/19\/5-remedes-a-la-tristesse\/?share=linkedin\" target=\"_blank\" title=\"Cliquez pour partager sur LinkedIn\"><span>LinkedIn<\/span><\/a><\/li><li class=\"share-pinterest\"><a rel=\"nofollow noopener noreferrer\" data-shared=\"sharing-pinterest-3101\" class=\"share-pinterest sd-button share-icon\" href=\"https:\/\/jeanpaulsimard.com\/index.php\/2016\/07\/19\/5-remedes-a-la-tristesse\/?share=pinterest\" target=\"_blank\" title=\"Cliquez pour partager sur Pinterest\"><span>Pinterest<\/span><\/a><\/li><li class=\"share-email\"><a rel=\"nofollow noopener noreferrer\" data-shared=\"\" class=\"share-email sd-button share-icon\" href=\"https:\/\/jeanpaulsimard.com\/index.php\/2016\/07\/19\/5-remedes-a-la-tristesse\/?share=email\" target=\"_blank\" title=\"Cliquez pour envoyer par e-mail \u00e0 un ami\"><span>E-mail<\/span><\/a><\/li><li class=\"share-print\"><a rel=\"nofollow noopener noreferrer\" data-shared=\"\" class=\"share-print sd-button share-icon\" href=\"https:\/\/jeanpaulsimard.com\/index.php\/2016\/07\/19\/5-remedes-a-la-tristesse\/\" target=\"_blank\" title=\"Cliquer pour imprimer\"><span>Imprimer<\/span><\/a><\/li><li class=\"share-end\"><\/li><\/ul><\/div><\/div><\/div>","protected":false},"excerpt":{"rendered":"<p>Les 5 rem\u00e8des \u00e0 la tristesse de Saint Thomas d&rsquo;Aquin Un article du journaliste Don Carlo de Marchi, dans Aleteia, m&rsquo;a r\u00e9cemment beaucoup interpell\u00e9. Cet article s&rsquo;intitule \u00abLes 5 rem\u00e8des \u00e0 la tristesse selon saint Thomas d&rsquo;Aquin\u00bb. Selon le journaliste, les cinq rem\u00e8des du c\u00e9l\u00e8bre philosophe et th\u00e9ologien du Moyen-\u00c2ge (1224-1274) se r\u00e9v\u00e8lent d&rsquo;une \u00e9tonnante [&hellip;]<\/p>\n<div class=\"sharedaddy sd-sharing-enabled\"><div class=\"robots-nocontent sd-block sd-social sd-social-icon-text sd-sharing\"><h3 class=\"sd-title\">Partager\u00a0:<\/h3><div class=\"sd-content\"><ul><li class=\"share-facebook\"><a rel=\"nofollow noopener noreferrer\" data-shared=\"sharing-facebook-3101\" class=\"share-facebook sd-button share-icon\" href=\"https:\/\/jeanpaulsimard.com\/index.php\/2016\/07\/19\/5-remedes-a-la-tristesse\/?share=facebook\" target=\"_blank\" title=\"Cliquez pour partager sur Facebook\"><span>Facebook<\/span><\/a><\/li><li class=\"share-twitter\"><a rel=\"nofollow noopener noreferrer\" data-shared=\"sharing-twitter-3101\" class=\"share-twitter sd-button share-icon\" href=\"https:\/\/jeanpaulsimard.com\/index.php\/2016\/07\/19\/5-remedes-a-la-tristesse\/?share=twitter\" target=\"_blank\" title=\"Cliquez pour partager sur Twitter\"><span>Twitter<\/span><\/a><\/li><li class=\"share-linkedin\"><a rel=\"nofollow noopener noreferrer\" data-shared=\"sharing-linkedin-3101\" class=\"share-linkedin sd-button share-icon\" href=\"https:\/\/jeanpaulsimard.com\/index.php\/2016\/07\/19\/5-remedes-a-la-tristesse\/?share=linkedin\" target=\"_blank\" title=\"Cliquez pour partager sur LinkedIn\"><span>LinkedIn<\/span><\/a><\/li><li class=\"share-pinterest\"><a rel=\"nofollow noopener noreferrer\" data-shared=\"sharing-pinterest-3101\" class=\"share-pinterest sd-button share-icon\" href=\"https:\/\/jeanpaulsimard.com\/index.php\/2016\/07\/19\/5-remedes-a-la-tristesse\/?share=pinterest\" target=\"_blank\" title=\"Cliquez pour partager sur Pinterest\"><span>Pinterest<\/span><\/a><\/li><li class=\"share-email\"><a rel=\"nofollow noopener noreferrer\" data-shared=\"\" class=\"share-email sd-button share-icon\" href=\"https:\/\/jeanpaulsimard.com\/index.php\/2016\/07\/19\/5-remedes-a-la-tristesse\/?share=email\" target=\"_blank\" title=\"Cliquez pour envoyer par e-mail \u00e0 un ami\"><span>E-mail<\/span><\/a><\/li><li class=\"share-print\"><a rel=\"nofollow noopener noreferrer\" data-shared=\"\" class=\"share-print sd-button share-icon\" href=\"https:\/\/jeanpaulsimard.com\/index.php\/2016\/07\/19\/5-remedes-a-la-tristesse\/\" target=\"_blank\" title=\"Cliquer pour imprimer\"><span>Imprimer<\/span><\/a><\/li><li class=\"share-end\"><\/li><\/ul><\/div><\/div><\/div>","protected":false},"author":3,"featured_media":0,"comment_status":"open","ping_status":"open","sticky":false,"template":"","format":"standard","meta":{"spay_email":"","jetpack_publicize_message":"","jetpack_is_tweetstorm":false},"categories":[24,60,55,56,59,58,20,52,25,48,65,64,66,47,61,53,57,46,54,68,63,43,44,27,51,67,62,2,49,45,50],"tags":[],"jetpack_featured_media_url":"","jetpack_publicize_connections":[],"jetpack_sharing_enabled":true,"jetpack_shortlink":"https:\/\/wp.me\/p6sIY6-O1","jetpack-related-posts":[{"id":1827,"url":"https:\/\/jeanpaulsimard.com\/index.php\/2015\/10\/17\/connaissez-vous-letonnante-therapie-des-trois-r\/","url_meta":{"origin":3101,"position":0},"title":"CONNAISSEZ-VOUS L'\u00c9TONNANTE TH\u00c9RAPIE DES TROIS \u00ab R \u00bb ?","date":"17 octobre 2015","format":false,"excerpt":"VOICI UNE TH\u00c9RAPIE FORT SIMPLE, mais d'une EFFICACIT\u00c9 \u00c9TONNANTE pour atteindre l'\u00e9quilibre, vaincre le stress, r\u00e9cup\u00e9rer et recharger ses batteries. Tellement efficace que je suis tomb\u00e9 en amour avec elle\u2026 Elle ne me quitte pas un instant\u2026 ELLE CONSISTE \u00e0 dire fr\u00e9quemment, dans la journ\u00e9e, en\u00a0travaillant, en marchant, en auto,\u2026","rel":"","context":"Dans &quot;Actualit\u00e9&quot;","img":{"alt_text":"","src":"https:\/\/i0.wp.com\/jeanpaulsimard.com\/wp-content\/uploads\/2015\/10\/fleurs.jpg?fit=1020%2C400&ssl=1&resize=350%2C200","width":350,"height":200},"classes":[]},{"id":1468,"url":"https:\/\/jeanpaulsimard.com\/index.php\/2015\/09\/22\/le-mythe-du-bonheur-a-tout-prix\/","url_meta":{"origin":3101,"position":1},"title":"LE MYTHE DU BONHEUR \u00c0 TOUT PRIX","date":"22 septembre 2015","format":false,"excerpt":"SOMMES-NOUS VRAIMENT FAITS POUR LE BONHEUR ? \u00abTout le monde est malheureux tout le temps.\u00bb (C\u00e9l\u00e8bre chanson de Gilles Vigneault) CONNAISSEZ-VOUS la loi de \u00a0\u00ab l\u2019inoptimum \u00bb ? Cette loi a \u00e9t\u00e9 formul\u00e9e, il y a quelques ann\u00e9es, par le grand \u00e9cologiste qu\u00e9b\u00e9cois Pierre Dansereau. Elle concerne l'\u00e9cologie, mais elle\u2026","rel":"","context":"Dans &quot;Actualit\u00e9&quot;","img":{"alt_text":"696-nuage-WallFizz","src":"https:\/\/i0.wp.com\/jeanpaulsimard.com\/wp-content\/uploads\/2015\/09\/696-nuage-WallFizz-1-1024x768.jpg?resize=350%2C200","width":350,"height":200},"classes":[]},{"id":2139,"url":"https:\/\/jeanpaulsimard.com\/index.php\/2015\/12\/12\/aime-la-vie-et-la-vie-taimera\/","url_meta":{"origin":3101,"position":2},"title":"AIME LA VIE ET LA VIE T'AIMERA","date":"12 d\u00e9cembre 2015","format":false,"excerpt":"\u00c0 LIRE DANS LES MOMENTS D'\u00c9PREUVES J'extrais le passage suivant d\u2019un livre magnifique intitul\u00e9 Maria, Les fleurs d'amandier. Un livre de l'\u00e9crivaine espagnole Maria Ostenero-Leon. Cette femme vient de passer \u00e0 travers une tr\u00e8s grande \u00e9preuve. S'ouvre alors devant elle un horizon de sens et d\u2019espoir. Elle l\u2019exprime \u00e0 travers\u2026","rel":"","context":"Dans &quot;Actualit\u00e9&quot;","img":{"alt_text":"","src":"","width":0,"height":0},"classes":[]},{"id":1735,"url":"https:\/\/jeanpaulsimard.com\/index.php\/2015\/10\/11\/quentend-on-par-spirituel\/","url_meta":{"origin":3101,"position":3},"title":"QU'ENTEND-ON PAR SPIRITUEL ?","date":"11 octobre 2015","format":false,"excerpt":"IL EXISTE TOUTES SORTES DE D\u00c9FINITIONS DU SPIRITUEL plus ou moins justes qui entra\u00eenent dans des exp\u00e9riences non moins vari\u00e9es et plus ou moins recommandables. Je vous partage ici un point de vue qui, je crois, ralliera beaucoup de monde. http:\/\/jeanpaulsimard.com\/wp-content\/uploads\/2019\/12\/article.pdf LA D\u00c9FINITION DU SPIRITUEL que je pr\u00e9f\u00e8re est celle\u2026","rel":"","context":"Dans &quot;Actualit\u00e9&quot;","img":{"alt_text":"","src":"https:\/\/i2.wp.com\/jeanpaulsimard.com\/wp-content\/uploads\/2015\/10\/ob_fe2d02_spiritualite1.jpg?resize=350%2C200","width":350,"height":200},"classes":[]},{"id":262,"url":"https:\/\/jeanpaulsimard.com\/index.php\/2015\/07\/15\/sainte-rose-du-nord\/","url_meta":{"origin":3101,"position":4},"title":"Sainte-Rose-du-Nord","date":"15 juillet 2015","format":false,"excerpt":"SAINTE-ROSE-DU-NORD Il faut voir le\u00a0 village de Sainte-Rose-du-Nord, Perle \u00e9chapp\u00e9e par les dieux dans l\u2019\u00e9crin du Fjord, Sertie\u00a0 dans\u00a0 la montagne, aux pieds du Saguenay Oasis luxuriant que V\u00e9nus a couronn\u00e9*. Jadis, on l\u2019appelait La \u00a0Descentes-des-femmes**, Par o\u00f9, \u00a0selon \u00a0une\u00a0 \u00a0vieille\u00a0 l\u00e9gende\u00a0 \u00abindienne\u00bb, Trois femmes \u00e9plor\u00e9es,\u00a0 de leurs maris\u00a0 en\u00a0\u2026","rel":"","context":"Dans &quot;Actualit\u00e9&quot;","img":{"alt_text":"","src":"https:\/\/i2.wp.com\/jeanpaulsimard.com\/wp-content\/uploads\/2015\/07\/Sainte-Rose-du-Nord-1024x436.jpg?resize=350%2C200","width":350,"height":200},"classes":[]},{"id":1,"url":"https:\/\/jeanpaulsimard.com\/index.php\/2015\/07\/11\/hello-world\/","url_meta":{"origin":3101,"position":5},"title":"Le sens spirituel de la vie","date":"11 juillet 2015","format":false,"excerpt":"\u00a0 \u00a0 \u00abQuand nous avons donn\u00e9 \u00e0 un autre homme l'acc\u00e8s du monde spirituel, nous lui avons tout donn\u00e9. Nous ne pouvons plus rien pour lui.\u00bb \u00a0(Louis Lavelle) La nouvelle qu\u00eate spirituelle exprime le besoin d\u2019un retour \u00e0 l\u2019essentiel. Une femme dans la quarantaine\u00a0me faisait un jour cette confidence\u00a0: \u00abJ\u2019ai\u2026","rel":"","context":"Dans &quot;Actualit\u00e9&quot;","img":{"alt_text":"","src":"https:\/\/i1.wp.com\/jeanpaulsimard.com\/wp-content\/uploads\/2015\/07\/cette-force-site-2.png?resize=350%2C200","width":350,"height":200},"classes":[]}],"_links":{"self":[{"href":"https:\/\/jeanpaulsimard.com\/index.php\/wp-json\/wp\/v2\/posts\/3101"}],"collection":[{"href":"https:\/\/jeanpaulsimard.com\/index.php\/wp-json\/wp\/v2\/posts"}],"about":[{"href":"https:\/\/jeanpaulsimard.com\/index.php\/wp-json\/wp\/v2\/types\/post"}],"author":[{"embeddable":true,"href":"https:\/\/jeanpaulsimard.com\/index.php\/wp-json\/wp\/v2\/users\/3"}],"replies":[{"embeddable":true,"href":"https:\/\/jeanpaulsimard.com\/index.php\/wp-json\/wp\/v2\/comments?post=3101"}],"version-history":[{"count":14,"href":"https:\/\/jeanpaulsimard.com\/index.php\/wp-json\/wp\/v2\/posts\/3101\/revisions"}],"predecessor-version":[{"id":3126,"href":"https:\/\/jeanpaulsimard.com\/index.php\/wp-json\/wp\/v2\/posts\/3101\/revisions\/3126"}],"wp:attachment":[{"href":"https:\/\/jeanpaulsimard.com\/index.php\/wp-json\/wp\/v2\/media?parent=3101"}],"wp:term":[{"taxonomy":"category","embeddable":true,"href":"https:\/\/jeanpaulsimard.com\/index.php\/wp-json\/wp\/v2\/categories?post=3101"},{"taxonomy":"post_tag","embeddable":true,"href":"https:\/\/jeanpaulsimard.com\/index.php\/wp-json\/wp\/v2\/tags?post=3101"}],"curies":[{"name":"wp","href":"https:\/\/api.w.org\/{rel}","templated":true}]}}