{"id":3022,"date":"2016-05-28T19:13:19","date_gmt":"2016-05-28T23:13:19","guid":{"rendered":"http:\/\/jeanpaulsimard.com\/?p=3022"},"modified":"2019-06-16T21:25:42","modified_gmt":"2019-06-17T01:25:42","slug":"quest-ce-que-la-meditation-de-la-pleine-conscience","status":"publish","type":"post","link":"https:\/\/jeanpaulsimard.com\/index.php\/2016\/05\/28\/quest-ce-que-la-meditation-de-la-pleine-conscience\/","title":{"rendered":"QU&rsquo;EST-CE QUE LA M\u00c9DITATION DE LA PLEINE CONSCIENCE ?"},"content":{"rendered":"<h2 style=\"text-align: center;\"><span style=\"color: #ffcc00;\"><strong>LA M\u00c9DITATION DE LA PLEINE CONSCIENCE<\/strong><strong>,<br \/>\n<\/strong><strong>d&rsquo;apr\u00e8s l&rsquo;approche du c\u00e9l\u00e8bre psychiatre Christophe Andr\u00e9.<\/strong><\/span><\/h2>\n<h3 style=\"text-align: center;\"><span style=\"color: #99ccff;\"><strong><em>\u00abJ\u2019aimerais vous initier \u00e0 cette exp\u00e9rience qui a chang\u00e9 ma vie.\u00bb<br \/>\n<\/em><\/strong><\/span><span style=\"color: #99ccff;\"><strong>\u2500 Christophe Andr\u00e9<\/strong><\/span><\/h3>\n<h2 style=\"text-align: center;\"><span style=\"color: #ffcc00;\"><strong>\u2500 ATELIERS (gratuits) ANIM\u00c9S PAR JEAN-PAUL SIMARD, AUTEUR \u2500<br \/>\n<\/strong><strong>\u00c0 L\u2019ERMITAGE DE LAC-BOUCHETTE<\/strong><\/span><\/h2>\n<hr \/>\n<h2 style=\"text-align: center;\"><span style=\"color: #ff9900;\">TH\u00c8ME<\/span><\/h2>\n<h2 style=\"text-align: center;\"><span style=\"color: #ffcc00;\"><em>M\u00c9DITER<br \/>\nPOUR \u00abL\u00c2CHER-PRISE\u00bb, <\/em><\/span><\/h2>\n<h2 style=\"text-align: center;\"><span style=\"color: #ffcc00;\"><em>\u00a0 \u00a0GU\u00c9RIR, SE RESSOURCER SPIRITUELLEMENT<br \/>\n<\/em><\/span><\/h2>\n<hr \/>\n<h2><span style=\"color: #ff9900;\"><strong>M\u00e9ditation guid\u00e9e :<br \/>\n<\/strong><\/span><span style=\"color: #ff9900;\"><strong>\u00a0Parole \u2500 Silence \u2500 Musique\u00a0 d&rsquo;int\u00e9riorit\u00e9\u00a0 \u00a0 \u00a0 \u00a0<\/strong><\/span><\/h2>\n<hr \/>\n<h2><span style=\"color: #33cccc;\"><strong>DATES des ateliers :\u00a0 les 6 et 20 juillet + 3 et 17 ao\u00fbt (2019)<br \/>\n<\/strong><\/span><\/h2>\n<h2><span style=\"color: #33cccc;\"><strong>HORAIRE :\u00a0 <\/strong>9 h 30 \u00e0 10 h 45 (75 minutes)<\/span><\/h2>\n<h2><span style=\"color: #ff9900;\">On peut assister \u00e0 tous les ateliers ou \u00e0 l&rsquo;un ou l&rsquo;autre des ateliers, \u00e0 sa convenance.\u00a0<\/span><\/h2>\n<h2><span style=\"color: #ff9900;\">CES ATELIERS SONT GRATUITS !<\/span><\/h2>\n<hr \/>\n<h2><span style=\"color: #ff9900;\">LIEU : ERMITAGE SAINT-ANTOINE :<\/span><\/h2>\n<h2><span style=\"color: #ff9900;\">1 800 868 6344<\/span><br \/>\n<span style=\"color: #ff9900;\"> 418 348 6344<\/span><\/h2>\n<h2 style=\"text-align: center;\"><span style=\"color: #99ccff;\">\u00a0<\/span><\/h2>\n<hr \/>\n<h2 style=\"text-align: justify;\"><span style=\"color: #99ccff;\"><strong>M\u00c9DITER<\/strong><strong>, c&rsquo;est s&rsquo;arr\u00eater de faire, de remuer, de s&rsquo;agiter. Se mettre un peu en retrait, se tenir \u00e0 l&rsquo;\u00e9cart du monde.<\/strong><\/span><\/h2>\n<h2 style=\"text-align: justify;\"><span style=\"color: #99ccff;\"><strong>LA PLEINE CONSCIENCE<\/strong><strong>, c&rsquo;est le nom d&rsquo;une forme de m\u00e9ditation dont l&rsquo;apprentissage est simple et rapide, mais dont la ma\u00eetrise se fait graduellement. Elle consiste \u00e0 intensifier sa pr\u00e9sence \u00e0 l&rsquo;instant pr\u00e9sent, \u00e0 s&rsquo;immobiliser pour s&rsquo;en impr\u00e9gner, au lieu de s&rsquo;en \u00e9chapper ou de vouloir le modifier, par l&rsquo;acte ou la pens\u00e9e. Cette attitude peut modifier votre rapport au monde de mani\u00e8re radicale, changer votre vie, apaiser vos souffrances et transcender vos joies.<\/strong><\/span><\/h2>\n<h2 style=\"text-align: justify;\"><span style=\"color: #99ccff;\"><strong>T\u00c9MOIGNAGE<\/strong><strong>\u00a0: le docteur Christophe Andr\u00e9 pratique la m\u00e9ditation depuis des ann\u00e9es. Mais il l&rsquo;utilise aussi pour soigner\u00a0: il anime \u00e0 l&rsquo;h\u00f4pital Sainte-Anne \u00e0 Paris, des groupes de m\u00e9ditation pour aider ses patients \u00e0 se lib\u00e9rer de la souffrance et \u00e0 savourer leur existence.<\/strong><\/span><\/h2>\n<h2 style=\"text-align: justify;\"><span style=\"color: #99ccff;\"><strong>\u00c0 L\u2019ERMITAGE<\/strong><strong> Saint-Antoine de Lac-Bouchette, sanctuaire naturel et oasis spirituelle, nous d\u00e9sirons vous faire b\u00e9n\u00e9ficier de cette approche qui rejoint magnifiquement la nouvelle spiritualit\u00e9 du \u00abmieux-\u00eatre\u00bb\u00a0: <\/strong><\/span><\/h2>\n<h2 style=\"text-align: center;\"><span style=\"color: #99ccff;\"><strong>\u00a0\u00a0\u00a0\u00a0 <\/strong><strong><em>Bien dans son corps, bien dans sa t\u00eate, bien dans son \u00e2me<\/em><\/strong><strong>.<\/strong><\/span><\/h2>\n<h2 style=\"text-align: justify;\"><span style=\"color: #ffcc00;\"><strong>NOTICE BIOGRAPHIQUE DE L&rsquo;ANIMATEUR<\/strong><\/span><\/h2>\n<h2 style=\"text-align: justify;\"><span style=\"color: #99ccff;\"><strong>Jean-Paul Simard d\u00e9tient un dipl\u00f4me universitaire de 3<sup>e<\/sup> cycle en anthropologie spirituelle (Universit\u00e9 de Sherbrooke). Il s&rsquo;int\u00e9resse particuli\u00e8rement \u00e0 la personne dans son questionnement int\u00e9rieur et aux rapports entre la spiritualit\u00e9, la sant\u00e9 et la gu\u00e9rison. Il est l&rsquo;auteur de nombreux livres publi\u00e9s notamment chez M\u00e9diaspaul.<\/strong><\/span><\/h2>\n<hr \/>\n<h2><span style=\"color: #00ff00;\">En compl\u00e9ment :<\/span><\/h2>\n<h2><span style=\"color: #00ff00;\"><em><a style=\"color: #00ff00;\" href=\"http:\/\/jeanpaulsimard.com\/index.php\/2016\/02\/06\/avez-vous-une-trousse-spirituelle-de-premiers-soins\/\">http:\/\/jeanpaulsimard.com\/index.php\/2016\/02\/06\/avez-vous-une-trousse-spirituelle-de-premiers-soins\/<\/a><\/em><\/span><\/h2>\n<hr \/>\n<div class=\"sharedaddy sd-sharing-enabled\"><div class=\"robots-nocontent sd-block sd-social sd-social-icon-text sd-sharing\"><h3 class=\"sd-title\">Partager\u00a0:<\/h3><div class=\"sd-content\"><ul><li class=\"share-facebook\"><a rel=\"nofollow noopener noreferrer\" data-shared=\"sharing-facebook-3022\" class=\"share-facebook sd-button share-icon\" href=\"https:\/\/jeanpaulsimard.com\/index.php\/2016\/05\/28\/quest-ce-que-la-meditation-de-la-pleine-conscience\/?share=facebook\" target=\"_blank\" title=\"Cliquez pour partager sur Facebook\"><span>Facebook<\/span><\/a><\/li><li class=\"share-twitter\"><a rel=\"nofollow noopener noreferrer\" data-shared=\"sharing-twitter-3022\" class=\"share-twitter sd-button share-icon\" href=\"https:\/\/jeanpaulsimard.com\/index.php\/2016\/05\/28\/quest-ce-que-la-meditation-de-la-pleine-conscience\/?share=twitter\" target=\"_blank\" title=\"Cliquez pour partager sur Twitter\"><span>Twitter<\/span><\/a><\/li><li class=\"share-linkedin\"><a rel=\"nofollow noopener noreferrer\" data-shared=\"sharing-linkedin-3022\" class=\"share-linkedin sd-button share-icon\" href=\"https:\/\/jeanpaulsimard.com\/index.php\/2016\/05\/28\/quest-ce-que-la-meditation-de-la-pleine-conscience\/?share=linkedin\" target=\"_blank\" title=\"Cliquez pour partager sur LinkedIn\"><span>LinkedIn<\/span><\/a><\/li><li class=\"share-pinterest\"><a rel=\"nofollow noopener noreferrer\" data-shared=\"sharing-pinterest-3022\" class=\"share-pinterest sd-button share-icon\" href=\"https:\/\/jeanpaulsimard.com\/index.php\/2016\/05\/28\/quest-ce-que-la-meditation-de-la-pleine-conscience\/?share=pinterest\" target=\"_blank\" title=\"Cliquez pour partager sur Pinterest\"><span>Pinterest<\/span><\/a><\/li><li class=\"share-email\"><a rel=\"nofollow noopener noreferrer\" data-shared=\"\" class=\"share-email sd-button share-icon\" href=\"https:\/\/jeanpaulsimard.com\/index.php\/2016\/05\/28\/quest-ce-que-la-meditation-de-la-pleine-conscience\/?share=email\" target=\"_blank\" title=\"Cliquez pour envoyer par e-mail \u00e0 un ami\"><span>E-mail<\/span><\/a><\/li><li class=\"share-print\"><a rel=\"nofollow noopener noreferrer\" data-shared=\"\" class=\"share-print sd-button share-icon\" href=\"https:\/\/jeanpaulsimard.com\/index.php\/2016\/05\/28\/quest-ce-que-la-meditation-de-la-pleine-conscience\/\" target=\"_blank\" title=\"Cliquer pour imprimer\"><span>Imprimer<\/span><\/a><\/li><li class=\"share-end\"><\/li><\/ul><\/div><\/div><\/div>","protected":false},"excerpt":{"rendered":"<p>LA M\u00c9DITATION DE LA PLEINE CONSCIENCE, d&rsquo;apr\u00e8s l&rsquo;approche du c\u00e9l\u00e8bre psychiatre Christophe Andr\u00e9. \u00abJ\u2019aimerais vous initier \u00e0 cette exp\u00e9rience qui a chang\u00e9 ma vie.\u00bb \u2500 Christophe Andr\u00e9 \u2500 ATELIERS (gratuits) ANIM\u00c9S PAR JEAN-PAUL SIMARD, AUTEUR \u2500 \u00c0 L\u2019ERMITAGE DE LAC-BOUCHETTE TH\u00c8ME M\u00c9DITER POUR \u00abL\u00c2CHER-PRISE\u00bb, \u00a0 \u00a0GU\u00c9RIR, SE RESSOURCER SPIRITUELLEMENT M\u00e9ditation guid\u00e9e : \u00a0Parole \u2500 Silence [&hellip;]<\/p>\n<div class=\"sharedaddy sd-sharing-enabled\"><div class=\"robots-nocontent sd-block sd-social sd-social-icon-text sd-sharing\"><h3 class=\"sd-title\">Partager\u00a0:<\/h3><div class=\"sd-content\"><ul><li class=\"share-facebook\"><a rel=\"nofollow noopener noreferrer\" data-shared=\"sharing-facebook-3022\" class=\"share-facebook sd-button share-icon\" href=\"https:\/\/jeanpaulsimard.com\/index.php\/2016\/05\/28\/quest-ce-que-la-meditation-de-la-pleine-conscience\/?share=facebook\" target=\"_blank\" title=\"Cliquez pour partager sur Facebook\"><span>Facebook<\/span><\/a><\/li><li class=\"share-twitter\"><a rel=\"nofollow noopener noreferrer\" data-shared=\"sharing-twitter-3022\" class=\"share-twitter sd-button share-icon\" href=\"https:\/\/jeanpaulsimard.com\/index.php\/2016\/05\/28\/quest-ce-que-la-meditation-de-la-pleine-conscience\/?share=twitter\" target=\"_blank\" title=\"Cliquez pour partager sur Twitter\"><span>Twitter<\/span><\/a><\/li><li class=\"share-linkedin\"><a rel=\"nofollow noopener noreferrer\" data-shared=\"sharing-linkedin-3022\" class=\"share-linkedin sd-button share-icon\" href=\"https:\/\/jeanpaulsimard.com\/index.php\/2016\/05\/28\/quest-ce-que-la-meditation-de-la-pleine-conscience\/?share=linkedin\" target=\"_blank\" title=\"Cliquez pour partager sur LinkedIn\"><span>LinkedIn<\/span><\/a><\/li><li class=\"share-pinterest\"><a rel=\"nofollow noopener noreferrer\" data-shared=\"sharing-pinterest-3022\" class=\"share-pinterest sd-button share-icon\" href=\"https:\/\/jeanpaulsimard.com\/index.php\/2016\/05\/28\/quest-ce-que-la-meditation-de-la-pleine-conscience\/?share=pinterest\" target=\"_blank\" title=\"Cliquez pour partager sur Pinterest\"><span>Pinterest<\/span><\/a><\/li><li class=\"share-email\"><a rel=\"nofollow noopener noreferrer\" data-shared=\"\" class=\"share-email sd-button share-icon\" href=\"https:\/\/jeanpaulsimard.com\/index.php\/2016\/05\/28\/quest-ce-que-la-meditation-de-la-pleine-conscience\/?share=email\" target=\"_blank\" title=\"Cliquez pour envoyer par e-mail \u00e0 un ami\"><span>E-mail<\/span><\/a><\/li><li class=\"share-print\"><a rel=\"nofollow noopener noreferrer\" data-shared=\"\" class=\"share-print sd-button share-icon\" href=\"https:\/\/jeanpaulsimard.com\/index.php\/2016\/05\/28\/quest-ce-que-la-meditation-de-la-pleine-conscience\/\" target=\"_blank\" title=\"Cliquer pour imprimer\"><span>Imprimer<\/span><\/a><\/li><li class=\"share-end\"><\/li><\/ul><\/div><\/div><\/div>","protected":false},"author":3,"featured_media":3023,"comment_status":"open","ping_status":"open","sticky":false,"template":"","format":"standard","meta":{"spay_email":"","jetpack_publicize_message":"","jetpack_is_tweetstorm":false},"categories":[25,48,65,64,66,47,61,53,57,46,54,68,63,43,44,27,51,67,62,2,49,45,50],"tags":[],"jetpack_featured_media_url":"https:\/\/i2.wp.com\/jeanpaulsimard.com\/wp-content\/uploads\/2016\/05\/M\u00c9DITATION-573x200.jpg?fit=573%2C200&ssl=1","jetpack_publicize_connections":[],"jetpack_sharing_enabled":true,"jetpack_shortlink":"https:\/\/wp.me\/p6sIY6-MK","jetpack-related-posts":[{"id":1557,"url":"https:\/\/jeanpaulsimard.com\/index.php\/2015\/09\/27\/dieu-peut-il-nous-guerir-dune-maladie-2\/","url_meta":{"origin":3022,"position":0},"title":"DIEU PEUT-IL NOUS GU\u00c9RIR D'UNE MALADIE ?","date":"27 septembre 2015","format":false,"excerpt":"\u00a0COMMENT FAIRE APPEL \u00c0 LA PUISSANCE DIVINE POUR GU\u00c9RIR ? \u00a0IL FAUT D'ABORD ouvrir sa conscience \u00e0 L\u2019\u00c9NERGIE DIVINE. C'est alors que nous pouvons y d\u00e9couvrir UNE SOURCE DE GU\u00c9RISON PRODIGIEUSE. \u00a0POUR APPELER CETTE FORCE CURATIVE DIVINE, vous pouvez dire, selon la partie malade de votre corps: \u00abDieu cr\u00e9ateur, r\u00e9tablis\u2026","rel":"","context":"Dans &quot;Actualit\u00e9&quot;","img":{"alt_text":"colombe","src":"https:\/\/i2.wp.com\/jeanpaulsimard.com\/wp-content\/uploads\/2015\/07\/colombe3.png?resize=350%2C200","width":350,"height":200},"classes":[]},{"id":2552,"url":"https:\/\/jeanpaulsimard.com\/index.php\/2016\/02\/06\/avez-vous-une-trousse-spirituelle-de-premiers-soins\/","url_meta":{"origin":3022,"position":1},"title":"AVEZ-VOUS UNE TROUSSE SPIRITUELLE DE PREMIERS SOINS ?","date":"6 f\u00e9vrier 2016","format":false,"excerpt":"POUR NE PAS SE SENTIR D\u00c9MUNI DANS LES \u00c9PREUVES DE LA VIE LE MALHEUR SURVIENT la plupart du temps \u00e0 l'improviste, emportant sans discernement nos r\u00eaves les plus beaux. Il nous confronte rapidement \u00e0 l'insuffisance de nos \u00e9nergies les plus grandes. COMMENT VIVRE dans une situation mortif\u00e8re? Comment transformer en\u2026","rel":"","context":"Dans &quot;Actualit\u00e9&quot;","img":{"alt_text":"Trousse spirituelle de premiers soins 400x599","src":"https:\/\/i0.wp.com\/jeanpaulsimard.com\/wp-content\/uploads\/2016\/02\/Trousse-spirituelle-de-premiers-soins-400x599-1.jpg?resize=350%2C200","width":350,"height":200},"classes":[]},{"id":1927,"url":"https:\/\/jeanpaulsimard.com\/index.php\/2015\/10\/24\/letonnante-formule-sante-dun-celebre-phramacien\/","url_meta":{"origin":3022,"position":2},"title":"L'\u00c9TONNANTE FORMULE SANT\u00c9 D'UN C\u00c9L\u00c8BRE PHARMACIEN","date":"24 octobre 2015","format":false,"excerpt":"Il y a plusieurs ann\u00e9es, UN C\u00c9L\u00c8BRE PHARMACIEN fran\u00e7ais, \u00c9mile Cou\u00e9, qui \u00e9tait dou\u00e9 d'un charisme sp\u00e9cial pour \u00abremonter\u00bb les gens, en l'occurrence ses clients, avait invent\u00e9 une \u00abFORMULE MIRACLE\u00bb pour \u00eatre HEUREUX et EN BONNE SANT\u00c9. LE PHARMACIEN demandait \u00e0 ses clients de r\u00e9p\u00e9ter \u00e0 haute voix, vingt fois\u2026","rel":"","context":"Dans &quot;Actualit\u00e9&quot;","img":{"alt_text":"","src":"","width":0,"height":0},"classes":[]},{"id":2386,"url":"https:\/\/jeanpaulsimard.com\/index.php\/2016\/01\/16\/ma-priere-pour-lacher-prise\/","url_meta":{"origin":3022,"position":3},"title":"MA PRI\u00c8RE POUR \u00abL\u00c2CHER-PRISE\u00bb","date":"16 janvier 2016","format":false,"excerpt":"Cliquez sur le lien suivant: http:\/\/jeanpaulsimard.com\/wp-content\/uploads\/2018\/06\/33-ARTICLE-Ma-pri%C3%A8re-pour-l%C3%A2cher-prise.pdfpriere-pour-lacher-prise-TEXTE-1.pdf \u00a0 Pour aller plus loin: (VENDU EN LIBRAIRIE 19.95$ ou EN LIGNE chez AMAZON ou RENAUD-BRAY) L\u2019\u00e9tonnante th\u00e9rapie des 3R La th\u00e9rapie des 3R peut changer radicalement votre vie! Par\u00a0Jean-Paul Simard D\u2019une simplicit\u00e9 et d\u2019une efficacit\u00e9 \u00e9tonnantes, elle se pratique partout, en tout temps\u2026","rel":"","context":"Dans &quot;Actualit\u00e9&quot;","img":{"alt_text":"","src":"https:\/\/i2.wp.com\/jeanpaulsimard.com\/wp-content\/uploads\/2020\/10\/Pochette-Letonnante-therapie-des-3R-1A.jpg?resize=350%2C200&ssl=1","width":350,"height":200},"classes":[]},{"id":1059,"url":"https:\/\/jeanpaulsimard.com\/index.php\/2015\/08\/16\/comment-prier-voici-une-priere-universelle\/","url_meta":{"origin":3022,"position":4},"title":"Comment prier ? Voici une pri\u00e8re universelle","date":"16 ao\u00fbt 2015","format":false,"excerpt":"COMMENT PRIER ? MA FA\u00c7ON DE PRIER est relativement simple. Elle s'inspire de la m\u00e9thode du c\u00e9l\u00e8bre moine b\u00e9n\u00e9dictin, John Main, d\u00e9c\u00e9d\u00e9 en 1982. D\u00e9sireux d'apporter une r\u00e9ponse pratique \u00e0 la qu\u00eate spirituelle de ses contemporains, il proposa une forme de pri\u00e8re simple, d\u00e9pouill\u00e9e, silencieuse, accessible \u00e0 toute personne et\u2026","rel":"","context":"Dans &quot;Actualit\u00e9&quot;","img":{"alt_text":"","src":"https:\/\/i1.wp.com\/jeanpaulsimard.com\/wp-content\/uploads\/2015\/08\/images-24.jpg?resize=350%2C200","width":350,"height":200},"classes":[]},{"id":2585,"url":"https:\/\/jeanpaulsimard.com\/index.php\/2016\/02\/11\/chaque-jour-reinventer-sa-vie\/","url_meta":{"origin":3022,"position":5},"title":"CHAQUE JOUR R\u00c9INVENTER SA VIE","date":"11 f\u00e9vrier 2016","format":false,"excerpt":"\u00abSE R\u00c9INVENTER, c'est avoir le courage de transcender ses peurs, c'est apprendre de nos erreurs, c'est nourrir des projets et des r\u00eaves tout en appr\u00e9ciant le moment pr\u00e9sent. C'est aussi laisser aller le passer, et enfin, ouvrir son esprit \u00e0 un monde qui ne cesse de se renouveler.\u00bb (Nicole Bordeleau)\u2026","rel":"","context":"Dans &quot;Actualit\u00e9&quot;","img":{"alt_text":"","src":"","width":0,"height":0},"classes":[]}],"_links":{"self":[{"href":"https:\/\/jeanpaulsimard.com\/index.php\/wp-json\/wp\/v2\/posts\/3022"}],"collection":[{"href":"https:\/\/jeanpaulsimard.com\/index.php\/wp-json\/wp\/v2\/posts"}],"about":[{"href":"https:\/\/jeanpaulsimard.com\/index.php\/wp-json\/wp\/v2\/types\/post"}],"author":[{"embeddable":true,"href":"https:\/\/jeanpaulsimard.com\/index.php\/wp-json\/wp\/v2\/users\/3"}],"replies":[{"embeddable":true,"href":"https:\/\/jeanpaulsimard.com\/index.php\/wp-json\/wp\/v2\/comments?post=3022"}],"version-history":[{"count":43,"href":"https:\/\/jeanpaulsimard.com\/index.php\/wp-json\/wp\/v2\/posts\/3022\/revisions"}],"predecessor-version":[{"id":4089,"href":"https:\/\/jeanpaulsimard.com\/index.php\/wp-json\/wp\/v2\/posts\/3022\/revisions\/4089"}],"wp:featuredmedia":[{"embeddable":true,"href":"https:\/\/jeanpaulsimard.com\/index.php\/wp-json\/wp\/v2\/media\/3023"}],"wp:attachment":[{"href":"https:\/\/jeanpaulsimard.com\/index.php\/wp-json\/wp\/v2\/media?parent=3022"}],"wp:term":[{"taxonomy":"category","embeddable":true,"href":"https:\/\/jeanpaulsimard.com\/index.php\/wp-json\/wp\/v2\/categories?post=3022"},{"taxonomy":"post_tag","embeddable":true,"href":"https:\/\/jeanpaulsimard.com\/index.php\/wp-json\/wp\/v2\/tags?post=3022"}],"curies":[{"name":"wp","href":"https:\/\/api.w.org\/{rel}","templated":true}]}}