{"id":2642,"date":"2016-02-17T18:13:38","date_gmt":"2016-02-17T23:13:38","guid":{"rendered":"http:\/\/jeanpaulsimard.com\/?p=2642"},"modified":"2018-03-17T14:25:28","modified_gmt":"2018-03-17T18:25:28","slug":"trousse-spirituelle-de-premiers-soins","status":"publish","type":"post","link":"https:\/\/jeanpaulsimard.com\/index.php\/2016\/02\/17\/trousse-spirituelle-de-premiers-soins\/","title":{"rendered":"TROUSSE SPIRITUELLE DE PREMIERS SOINS"},"content":{"rendered":"<h2><span style=\"color: #ff9900;\">TITRE<strong>\u00a0: <\/strong><strong>TROUSSE SPIRITUELLE DE PREMIERS SOINS<br \/>\n<\/strong>Par :\u00a0<a href=\"http:\/\/mediaspaul.ca\/catalogue\/auteur\/simard-jean-paul-503\"><strong>SIMARD, JEAN-PAUL<br \/>\n<\/strong><\/a>\u00c9diteur :\u00a0<a href=\"http:\/\/mediaspaul.ca\/catalogue\/editeur\/mediaspaul-canada-10\"><strong>M\u00c9DIASPAUL CANADA<\/strong><\/a> <strong>\/<\/strong> <strong>EUROPE<br \/>\n<\/strong>Pages :\u00a0<strong>120<\/strong>\u00a0 <strong>\u2500<\/strong>\u00a0\u00a0 14,95 $ (12,50 \u20ac)\u00a0\u00a0 \u2500<\/span><\/h2>\n<h2><span style=\"color: #ff9900;\">\u00a0 \u00a0 \u00a0 \u00a0 \u00a0 (Maintenant disponible en Europe)<\/span><\/h2>\n<h2><span style=\"color: #ff9900;\">\u00a0 \u00a0 \u00a0 \u00a0 \u00a0 Le livre existe aussi en format num\u00e9rique (PDF et ePub)<\/span><\/h2>\n<hr \/>\n<h3><\/h3>\n<blockquote>\n<h2><span style=\"color: #00ffff;\"><a style=\"color: #00ffff;\" href=\"https:\/\/www.facebook.com\/helene.desautels?fref=ufi\"><strong><span style=\"color: #008000;\">Helene Desautels<\/span><\/strong><\/a><span style=\"color: #008000;\">\u00a0 : \u00abJ&rsquo;ai ce livre sur ma table de chevet et c&rsquo;est l\u00e0-dedans que je trouve le rem\u00e8de \u00e0 toutes mes angoisses&#8230; merci.\u00bb<\/span><\/span><\/h2>\n<hr \/>\n<h2><\/h2>\n<\/blockquote>\n<h2><span style=\"color: #99ccff;\"><strong>POUR LA FICHE TECHNIQUE DU LIVRE, CLIQUEZ SUR LE LIEN SUIVANT<\/strong>\u00a0:<\/span><\/h2>\n<h2><span style=\"color: #ff9900;\"><strong style=\"color: #ff9900;\"><em><a style=\"color: #ff9900;\" href=\"http:\/\/mediaspaul.qc.ca\/catalogue\/trousse-spirituelle-de-premiers-soins-8845\">http:\/\/mediaspaul.qc.ca\/catalogue\/trousse-spirituelle-de-premiers-soins-8845<\/a><\/em><\/strong><\/span><\/h2>\n<h2><span style=\"color: #00ffff;\">Ouvrage recens\u00e9 par le journal <em>LE DEVOIR<\/em> :<\/span><\/h2>\n<h2><span style=\"color: #00ff00;\"><em><a style=\"color: #00ff00;\" href=\"http:\/\/www.ledevoir.com\/societe\/ethique-et-religion\/466331\/trousse-spirituelle-de-premiers-soins\">http:\/\/www.ledevoir.com\/societe\/ethique-et-religion\/466331\/trousse-spirituelle-de-premiers-soins<\/a><\/em><\/span><\/h2>\n<h3><span style=\"color: #00ff00;\">\u00a0 \u00a0 \u00a0 \u00a0\u00a0<\/span><\/h3>\n<hr \/>\n<h3><\/h3>\n<h2><span style=\"color: #00ff00;\">APPR\u00c9CIATION :<\/span><\/h2>\n<h2><span style=\"color: #ccffff;\">Un ouvrage tr\u00e8s utile pour faire face aux URGENCES de la vie. Voici un t\u00e9moignage :<\/span><\/h2>\n<blockquote>\n<h3><span style=\"color: #ccffff;\">Je viens de recevoir le nouveau livre de\u00a0Jean-Paul Simard intitul\u00e9 \u00abTrousse spirituelle de premiers soins\u00bb. 118 pages, gros caract\u00e8res. Un bijou !!! J&rsquo;ai commenc\u00e9 \u00e0 le d\u00e9vorer et surtout \u00e0 l&rsquo;assimiler pour apprendre \u00e0 CROIRE, ESP\u00c9RER ET AIMER, trois attitudes \u00e0 la fois humaines et spirituelles \u2026 et&#8230;.PRIER. Je serai pr\u00eate quand une souffrance surviendra&#8230;<\/span><\/h3>\n<h3><span style=\"color: #ccffff;\">Je suis \u00e0 m\u00e9diter ce pr\u00e9cieux livre. \u00a0Je pense que je vais apprendre le chapitre de la pri\u00e8re par c\u0153ur&#8230;\u00ab Viens Esprit de Lumi\u00e8re, Esprit de force Esprit de Paix&#8230;..\u00bb C&rsquo;est miraculeux \u00ab\u00a0<\/span><\/h3>\n<h3><span style=\"color: #ccffff;\">Merci \u00a0Jean-Paul<\/span><\/h3>\n<\/blockquote>\n<h3><span style=\"color: #ccffff;\">\u00a0 \u00a0 \u00a0H\u00e9l\u00e8ne D. (Magog)<\/span><\/h3>\n<h2><span style=\"color: #ccffff;\">Bien plus qu&rsquo;un protocole d&rsquo;urgence, l&rsquo;ouvrage pr\u00e9sente une th\u00e9rapie puissante qui ouvre la voie \u00e0 la gu\u00e9rison.<\/span><\/h2>\n<h3><span style=\"color: #99ccff;\"><a href=\"https:\/\/i0.wp.com\/jeanpaulsimard.com\/wp-content\/uploads\/2016\/02\/meditation-350x232.jpg\" rel=\"attachment wp-att-2667\"><img loading=\"lazy\" class=\"size-full wp-image-2667 aligncenter\" src=\"https:\/\/i0.wp.com\/jeanpaulsimard.com\/wp-content\/uploads\/2016\/02\/meditation-350x232.jpg?resize=350%2C232\" alt=\"meditation 350x232\" width=\"350\" height=\"232\" srcset=\"https:\/\/i0.wp.com\/jeanpaulsimard.com\/wp-content\/uploads\/2016\/02\/meditation-350x232.jpg?resize=350%2C232&amp;ssl=1 350w, https:\/\/i0.wp.com\/jeanpaulsimard.com\/wp-content\/uploads\/2016\/02\/meditation-350x232.jpg?resize=300%2C199&amp;ssl=1 300w, https:\/\/i0.wp.com\/jeanpaulsimard.com\/wp-content\/uploads\/2016\/02\/meditation-350x232.jpg?resize=2%2C1&amp;ssl=1 2w\" sizes=\"(max-width: 350px) 100vw, 350px\" data-recalc-dims=\"1\" \/><\/a>\u00a0<\/span><\/h3>\n<div class=\"sharedaddy sd-sharing-enabled\"><div class=\"robots-nocontent sd-block sd-social sd-social-icon-text sd-sharing\"><h3 class=\"sd-title\">Partager\u00a0:<\/h3><div class=\"sd-content\"><ul><li class=\"share-facebook\"><a rel=\"nofollow noopener noreferrer\" data-shared=\"sharing-facebook-2642\" class=\"share-facebook sd-button share-icon\" href=\"https:\/\/jeanpaulsimard.com\/index.php\/2016\/02\/17\/trousse-spirituelle-de-premiers-soins\/?share=facebook\" target=\"_blank\" title=\"Cliquez pour partager sur Facebook\"><span>Facebook<\/span><\/a><\/li><li class=\"share-twitter\"><a rel=\"nofollow noopener noreferrer\" data-shared=\"sharing-twitter-2642\" class=\"share-twitter sd-button share-icon\" href=\"https:\/\/jeanpaulsimard.com\/index.php\/2016\/02\/17\/trousse-spirituelle-de-premiers-soins\/?share=twitter\" target=\"_blank\" title=\"Cliquez pour partager sur Twitter\"><span>Twitter<\/span><\/a><\/li><li class=\"share-linkedin\"><a rel=\"nofollow noopener noreferrer\" data-shared=\"sharing-linkedin-2642\" class=\"share-linkedin sd-button share-icon\" href=\"https:\/\/jeanpaulsimard.com\/index.php\/2016\/02\/17\/trousse-spirituelle-de-premiers-soins\/?share=linkedin\" target=\"_blank\" title=\"Cliquez pour partager sur LinkedIn\"><span>LinkedIn<\/span><\/a><\/li><li class=\"share-pinterest\"><a rel=\"nofollow noopener noreferrer\" data-shared=\"sharing-pinterest-2642\" class=\"share-pinterest sd-button share-icon\" href=\"https:\/\/jeanpaulsimard.com\/index.php\/2016\/02\/17\/trousse-spirituelle-de-premiers-soins\/?share=pinterest\" target=\"_blank\" title=\"Cliquez pour partager sur Pinterest\"><span>Pinterest<\/span><\/a><\/li><li class=\"share-email\"><a rel=\"nofollow noopener noreferrer\" data-shared=\"\" class=\"share-email sd-button share-icon\" href=\"https:\/\/jeanpaulsimard.com\/index.php\/2016\/02\/17\/trousse-spirituelle-de-premiers-soins\/?share=email\" target=\"_blank\" title=\"Cliquez pour envoyer par e-mail \u00e0 un ami\"><span>E-mail<\/span><\/a><\/li><li class=\"share-print\"><a rel=\"nofollow noopener noreferrer\" data-shared=\"\" class=\"share-print sd-button share-icon\" href=\"https:\/\/jeanpaulsimard.com\/index.php\/2016\/02\/17\/trousse-spirituelle-de-premiers-soins\/\" target=\"_blank\" title=\"Cliquer pour imprimer\"><span>Imprimer<\/span><\/a><\/li><li class=\"share-end\"><\/li><\/ul><\/div><\/div><\/div>","protected":false},"excerpt":{"rendered":"<p>TITRE\u00a0: TROUSSE SPIRITUELLE DE PREMIERS SOINS Par :\u00a0SIMARD, JEAN-PAUL \u00c9diteur :\u00a0M\u00c9DIASPAUL CANADA \/ EUROPE Pages :\u00a0120\u00a0 \u2500\u00a0\u00a0 14,95 $ (12,50 \u20ac)\u00a0\u00a0 \u2500 \u00a0 \u00a0 \u00a0 \u00a0 \u00a0 (Maintenant disponible en Europe) \u00a0 \u00a0 \u00a0 \u00a0 \u00a0 Le livre existe aussi en format num\u00e9rique (PDF et ePub) Helene Desautels\u00a0 : \u00abJ&rsquo;ai ce livre sur ma table [&hellip;]<\/p>\n<div class=\"sharedaddy sd-sharing-enabled\"><div class=\"robots-nocontent sd-block sd-social sd-social-icon-text sd-sharing\"><h3 class=\"sd-title\">Partager\u00a0:<\/h3><div class=\"sd-content\"><ul><li class=\"share-facebook\"><a rel=\"nofollow noopener noreferrer\" data-shared=\"sharing-facebook-2642\" class=\"share-facebook sd-button share-icon\" href=\"https:\/\/jeanpaulsimard.com\/index.php\/2016\/02\/17\/trousse-spirituelle-de-premiers-soins\/?share=facebook\" target=\"_blank\" title=\"Cliquez pour partager sur Facebook\"><span>Facebook<\/span><\/a><\/li><li class=\"share-twitter\"><a rel=\"nofollow noopener noreferrer\" data-shared=\"sharing-twitter-2642\" class=\"share-twitter sd-button share-icon\" href=\"https:\/\/jeanpaulsimard.com\/index.php\/2016\/02\/17\/trousse-spirituelle-de-premiers-soins\/?share=twitter\" target=\"_blank\" title=\"Cliquez pour partager sur Twitter\"><span>Twitter<\/span><\/a><\/li><li class=\"share-linkedin\"><a rel=\"nofollow noopener noreferrer\" data-shared=\"sharing-linkedin-2642\" class=\"share-linkedin sd-button share-icon\" href=\"https:\/\/jeanpaulsimard.com\/index.php\/2016\/02\/17\/trousse-spirituelle-de-premiers-soins\/?share=linkedin\" target=\"_blank\" title=\"Cliquez pour partager sur LinkedIn\"><span>LinkedIn<\/span><\/a><\/li><li class=\"share-pinterest\"><a rel=\"nofollow noopener noreferrer\" data-shared=\"sharing-pinterest-2642\" class=\"share-pinterest sd-button share-icon\" href=\"https:\/\/jeanpaulsimard.com\/index.php\/2016\/02\/17\/trousse-spirituelle-de-premiers-soins\/?share=pinterest\" target=\"_blank\" title=\"Cliquez pour partager sur Pinterest\"><span>Pinterest<\/span><\/a><\/li><li class=\"share-email\"><a rel=\"nofollow noopener noreferrer\" data-shared=\"\" class=\"share-email sd-button share-icon\" href=\"https:\/\/jeanpaulsimard.com\/index.php\/2016\/02\/17\/trousse-spirituelle-de-premiers-soins\/?share=email\" target=\"_blank\" title=\"Cliquez pour envoyer par e-mail \u00e0 un ami\"><span>E-mail<\/span><\/a><\/li><li class=\"share-print\"><a rel=\"nofollow noopener noreferrer\" data-shared=\"\" class=\"share-print sd-button share-icon\" href=\"https:\/\/jeanpaulsimard.com\/index.php\/2016\/02\/17\/trousse-spirituelle-de-premiers-soins\/\" target=\"_blank\" title=\"Cliquer pour imprimer\"><span>Imprimer<\/span><\/a><\/li><li class=\"share-end\"><\/li><\/ul><\/div><\/div><\/div>","protected":false},"author":3,"featured_media":2647,"comment_status":"open","ping_status":"open","sticky":false,"template":"","format":"standard","meta":{"spay_email":"","jetpack_publicize_message":"","jetpack_is_tweetstorm":false},"categories":[24,60,55,56,59,58,20,52,25,48,65,64,47,61,53,57,46,54,63,43,44,27,51,62,2,49,45,50],"tags":[],"jetpack_featured_media_url":"https:\/\/i1.wp.com\/jeanpaulsimard.com\/wp-content\/uploads\/2016\/02\/trousse_spirituellle-575x225-1.jpg?fit=575%2C225&ssl=1","jetpack_publicize_connections":[],"jetpack_sharing_enabled":true,"jetpack_shortlink":"https:\/\/wp.me\/p6sIY6-GC","jetpack-related-posts":[{"id":2552,"url":"https:\/\/jeanpaulsimard.com\/index.php\/2016\/02\/06\/avez-vous-une-trousse-spirituelle-de-premiers-soins\/","url_meta":{"origin":2642,"position":0},"title":"AVEZ-VOUS UNE TROUSSE SPIRITUELLE DE PREMIERS SOINS ?","date":"6 f\u00e9vrier 2016","format":false,"excerpt":"POUR NE PAS SE SENTIR D\u00c9MUNI DANS LES \u00c9PREUVES DE LA VIE LE MALHEUR SURVIENT la plupart du temps \u00e0 l'improviste, emportant sans discernement nos r\u00eaves les plus beaux. Il nous confronte rapidement \u00e0 l'insuffisance de nos \u00e9nergies les plus grandes. COMMENT VIVRE dans une situation mortif\u00e8re? Comment transformer en\u2026","rel":"","context":"Dans &quot;Actualit\u00e9&quot;","img":{"alt_text":"Trousse spirituelle de premiers soins 400x599","src":"https:\/\/i0.wp.com\/jeanpaulsimard.com\/wp-content\/uploads\/2016\/02\/Trousse-spirituelle-de-premiers-soins-400x599-1.jpg?resize=350%2C200","width":350,"height":200},"classes":[]},{"id":1963,"url":"https:\/\/jeanpaulsimard.com\/index.php\/2015\/10\/28\/la-spiritualite-peut-elle-aider-a-guerir\/","url_meta":{"origin":2642,"position":1},"title":"LA SPIRITUALIT\u00c9 PEUT-ELLE AIDER \u00c0 GU\u00c9RIR ?","date":"28 octobre 2015","format":false,"excerpt":"\u00a0 LA M\u00c9DECINE SE POSE DE PLUS EN PLUS DE QUESTIONS sur la spiritualit\u00e9. Certains m\u00e9decins commencent \u00e0 s\u2019interroger sur la fa\u00e7on d\u2019int\u00e9grer la spiritualit\u00e9 \u00e0 leur pratique m\u00e9dicale. \u00a0 DANS UNE\u00a0\u00c9MISSION\u00a0T\u00c9L\u00c9VIS\u00c9E, un neurologue affirmait que la premi\u00e8re question qu\u2019il\u00a0posait \u00e0 ses patients \u00e9tait\u00a0: \u00abAvez-vous la foi ?\u00bb ou \u00ab\u00cates-vous\u2026","rel":"","context":"Dans &quot;Actualit\u00e9&quot;","img":{"alt_text":"guerir_simard (1) 470x263","src":"https:\/\/i1.wp.com\/jeanpaulsimard.com\/wp-content\/uploads\/2015\/10\/guerir_simard-1-470x263.jpg?resize=350%2C200","width":350,"height":200},"classes":[]},{"id":3022,"url":"https:\/\/jeanpaulsimard.com\/index.php\/2016\/05\/28\/quest-ce-que-la-meditation-de-la-pleine-conscience\/","url_meta":{"origin":2642,"position":2},"title":"QU'EST-CE QUE LA M\u00c9DITATION DE LA PLEINE CONSCIENCE ?","date":"28 mai 2016","format":false,"excerpt":"LA M\u00c9DITATION DE LA PLEINE CONSCIENCE, d'apr\u00e8s l'approche du c\u00e9l\u00e8bre psychiatre Christophe Andr\u00e9. \u00abJ\u2019aimerais vous initier \u00e0 cette exp\u00e9rience qui a chang\u00e9 ma vie.\u00bb \u2500 Christophe Andr\u00e9 \u2500 ATELIERS (gratuits) ANIM\u00c9S PAR JEAN-PAUL SIMARD, AUTEUR \u2500 \u00c0 L\u2019ERMITAGE DE LAC-BOUCHETTE TH\u00c8ME M\u00c9DITER POUR \u00abL\u00c2CHER-PRISE\u00bb, \u00a0 \u00a0GU\u00c9RIR, SE RESSOURCER SPIRITUELLEMENT M\u00e9ditation\u2026","rel":"","context":"Dans &quot;Croissance&quot;","img":{"alt_text":"","src":"https:\/\/i2.wp.com\/jeanpaulsimard.com\/wp-content\/uploads\/2016\/05\/M\u00c9DITATION-573x200.jpg?fit=573%2C200&ssl=1&resize=350%2C200","width":350,"height":200},"classes":[]},{"id":2585,"url":"https:\/\/jeanpaulsimard.com\/index.php\/2016\/02\/11\/chaque-jour-reinventer-sa-vie\/","url_meta":{"origin":2642,"position":3},"title":"CHAQUE JOUR R\u00c9INVENTER SA VIE","date":"11 f\u00e9vrier 2016","format":false,"excerpt":"\u00abSE R\u00c9INVENTER, c'est avoir le courage de transcender ses peurs, c'est apprendre de nos erreurs, c'est nourrir des projets et des r\u00eaves tout en appr\u00e9ciant le moment pr\u00e9sent. C'est aussi laisser aller le passer, et enfin, ouvrir son esprit \u00e0 un monde qui ne cesse de se renouveler.\u00bb (Nicole Bordeleau)\u2026","rel":"","context":"Dans &quot;Actualit\u00e9&quot;","img":{"alt_text":"","src":"","width":0,"height":0},"classes":[]},{"id":3101,"url":"https:\/\/jeanpaulsimard.com\/index.php\/2016\/07\/19\/5-remedes-a-la-tristesse\/","url_meta":{"origin":2642,"position":4},"title":"5 REM\u00c8DES \u00c0 LA TRISTESSE","date":"19 juillet 2016","format":false,"excerpt":"Les 5 rem\u00e8des \u00e0 la tristesse de Saint Thomas d'Aquin Un article du journaliste Don Carlo de Marchi, dans Aleteia, m'a r\u00e9cemment beaucoup interpell\u00e9. Cet article s'intitule \u00abLes 5 rem\u00e8des \u00e0 la tristesse selon saint Thomas d'Aquin\u00bb. Selon le journaliste, les cinq rem\u00e8des du c\u00e9l\u00e8bre philosophe et th\u00e9ologien du Moyen-\u00c2ge\u2026","rel":"","context":"Dans &quot;Actualit\u00e9&quot;","img":{"alt_text":"468X624","src":"https:\/\/i2.wp.com\/jeanpaulsimard.com\/wp-content\/uploads\/2016\/07\/468X624.jpg?resize=350%2C200","width":350,"height":200},"classes":[]},{"id":1983,"url":"https:\/\/jeanpaulsimard.com\/index.php\/2015\/10\/31\/spiritualite-et-guerison-voici-un-beau-temoignage\/","url_meta":{"origin":2642,"position":5},"title":"SPIRITUALIT\u00c9 ET GU\u00c9RISON ?... VOICI UN BEAU T\u00c9MOIGNAGE","date":"31 octobre 2015","format":false,"excerpt":"Voici le commentaire d'une th\u00e9rapeute form\u00e9e et d\u2019exp\u00e9rience. Son point de vue vaut la peine d'\u00eatre partag\u00e9. \u00a0 Elle m'\u00e9crit ceci\u00a0: Votre travail m'a remise en recherche. J\u2019ai \u00e9cout\u00e9 vos interventions vid\u00e9os et celle sur la trousse de secours spirituelle. J'ai donc r\u00e9fl\u00e9chi \u00e0 la foi dans mon accompagnement th\u00e9rapeutique.\u2026","rel":"","context":"Dans &quot;Actualit\u00e9&quot;","img":{"alt_text":"","src":"","width":0,"height":0},"classes":[]}],"_links":{"self":[{"href":"https:\/\/jeanpaulsimard.com\/index.php\/wp-json\/wp\/v2\/posts\/2642"}],"collection":[{"href":"https:\/\/jeanpaulsimard.com\/index.php\/wp-json\/wp\/v2\/posts"}],"about":[{"href":"https:\/\/jeanpaulsimard.com\/index.php\/wp-json\/wp\/v2\/types\/post"}],"author":[{"embeddable":true,"href":"https:\/\/jeanpaulsimard.com\/index.php\/wp-json\/wp\/v2\/users\/3"}],"replies":[{"embeddable":true,"href":"https:\/\/jeanpaulsimard.com\/index.php\/wp-json\/wp\/v2\/comments?post=2642"}],"version-history":[{"count":39,"href":"https:\/\/jeanpaulsimard.com\/index.php\/wp-json\/wp\/v2\/posts\/2642\/revisions"}],"predecessor-version":[{"id":3634,"href":"https:\/\/jeanpaulsimard.com\/index.php\/wp-json\/wp\/v2\/posts\/2642\/revisions\/3634"}],"wp:featuredmedia":[{"embeddable":true,"href":"https:\/\/jeanpaulsimard.com\/index.php\/wp-json\/wp\/v2\/media\/2647"}],"wp:attachment":[{"href":"https:\/\/jeanpaulsimard.com\/index.php\/wp-json\/wp\/v2\/media?parent=2642"}],"wp:term":[{"taxonomy":"category","embeddable":true,"href":"https:\/\/jeanpaulsimard.com\/index.php\/wp-json\/wp\/v2\/categories?post=2642"},{"taxonomy":"post_tag","embeddable":true,"href":"https:\/\/jeanpaulsimard.com\/index.php\/wp-json\/wp\/v2\/tags?post=2642"}],"curies":[{"name":"wp","href":"https:\/\/api.w.org\/{rel}","templated":true}]}}