{"id":254,"date":"2015-07-15T21:45:46","date_gmt":"2015-07-16T01:45:46","guid":{"rendered":"http:\/\/jeanpaulsimard.com\/?p=254"},"modified":"2016-02-09T15:25:31","modified_gmt":"2016-02-09T20:25:31","slug":"saint-felix-dotis","status":"publish","type":"post","link":"https:\/\/jeanpaulsimard.com\/index.php\/2015\/07\/15\/saint-felix-dotis\/","title":{"rendered":"Saint-F\u00e9lix-d&rsquo;Otis"},"content":{"rendered":"<h2 style=\"text-align: center;\"><span style=\"color: #99ccff;\">Sis en retrait du Saguenay,<br \/>\nCet oasis de vill\u00e9giature<br \/>\nSemble tirer sa renomm\u00e9e<br \/>\nD\u2019un mariage avec la nature.<\/span><\/h2>\n<h2 style=\"text-align: center;\"><span style=\"color: #99ccff;\">Favoris\u00e9 d\u2019un d\u00e9cor idyllique,<br \/>\nLe village attire les cin\u00e9astes<br \/>\nQui laissent sur leur passage des traces<br \/>\nDe montages cin\u00e9matographiques.<br \/>\n<\/span><\/h2>\n<h2 style=\"text-align: center;\"><span style=\"color: #99ccff;\">C\u2019est d\u2019ailleurs La robe noire qui donna l\u2019id\u00e9e<br \/>\nDe cr\u00e9er le Site de la Nouvelle-France,<br \/>\nHaut-lieu d\u2019une activit\u00e9 saisonni\u00e8re intense<br \/>\nAuquel son destin est intimement li\u00e9.<br \/>\n<\/span><\/h2>\n<h2 style=\"text-align: center;\"><span style=\"color: #99ccff;\">\u00abVivez la Nouvelle-France au XVIIe si\u00e8cle\u00bb,<br \/>\nTelle est l\u2019invitation qui nous est propos\u00e9e,<br \/>\nD\u2019aller voir un jour, hiver comme \u00e9t\u00e9,<br \/>\nUn lieu typique de l\u2019histoire du Qu\u00e9bec.<br \/>\n<\/span><\/h2>\n<h2 style=\"text-align: center;\"><span style=\"color: #99ccff;\">Le site \u00e9voque, sur un mode th\u00e9\u00e2tral<br \/>\nLa culture fran\u00e7aise en Am\u00e9rique,<br \/>\nDu peuple huron, les coutumes ancestrales,<br \/>\nSans compter les fouilles arch\u00e9ologiques.<br \/>\n<\/span><\/h2>\n<h2 style=\"text-align: center;\"><span style=\"color: #99ccff;\">Accessible par terre et mer,<br \/>\nCe lieu qu\u2019on dit original<br \/>\nAttend le visiteur qui r\u00eave<br \/>\nD\u2019un d\u00e9paysement total.<br \/>\n<em>Jean-Paul Simard<\/em><\/span><\/h2>\n<h2><\/h2>\n<div class=\"sharedaddy sd-sharing-enabled\"><div class=\"robots-nocontent sd-block sd-social sd-social-icon-text sd-sharing\"><h3 class=\"sd-title\">Partager\u00a0:<\/h3><div class=\"sd-content\"><ul><li class=\"share-facebook\"><a rel=\"nofollow noopener noreferrer\" data-shared=\"sharing-facebook-254\" class=\"share-facebook sd-button share-icon\" href=\"https:\/\/jeanpaulsimard.com\/index.php\/2015\/07\/15\/saint-felix-dotis\/?share=facebook\" target=\"_blank\" title=\"Cliquez pour partager sur Facebook\"><span>Facebook<\/span><\/a><\/li><li class=\"share-twitter\"><a rel=\"nofollow noopener noreferrer\" data-shared=\"sharing-twitter-254\" class=\"share-twitter sd-button share-icon\" href=\"https:\/\/jeanpaulsimard.com\/index.php\/2015\/07\/15\/saint-felix-dotis\/?share=twitter\" target=\"_blank\" title=\"Cliquez pour partager sur Twitter\"><span>Twitter<\/span><\/a><\/li><li class=\"share-linkedin\"><a rel=\"nofollow noopener noreferrer\" data-shared=\"sharing-linkedin-254\" class=\"share-linkedin sd-button share-icon\" href=\"https:\/\/jeanpaulsimard.com\/index.php\/2015\/07\/15\/saint-felix-dotis\/?share=linkedin\" target=\"_blank\" title=\"Cliquez pour partager sur LinkedIn\"><span>LinkedIn<\/span><\/a><\/li><li class=\"share-pinterest\"><a rel=\"nofollow noopener noreferrer\" data-shared=\"sharing-pinterest-254\" class=\"share-pinterest sd-button share-icon\" href=\"https:\/\/jeanpaulsimard.com\/index.php\/2015\/07\/15\/saint-felix-dotis\/?share=pinterest\" target=\"_blank\" title=\"Cliquez pour partager sur Pinterest\"><span>Pinterest<\/span><\/a><\/li><li class=\"share-email\"><a rel=\"nofollow noopener noreferrer\" data-shared=\"\" class=\"share-email sd-button share-icon\" href=\"https:\/\/jeanpaulsimard.com\/index.php\/2015\/07\/15\/saint-felix-dotis\/?share=email\" target=\"_blank\" title=\"Cliquez pour envoyer par e-mail \u00e0 un ami\"><span>E-mail<\/span><\/a><\/li><li class=\"share-print\"><a rel=\"nofollow noopener noreferrer\" data-shared=\"\" class=\"share-print sd-button share-icon\" href=\"https:\/\/jeanpaulsimard.com\/index.php\/2015\/07\/15\/saint-felix-dotis\/\" target=\"_blank\" title=\"Cliquer pour imprimer\"><span>Imprimer<\/span><\/a><\/li><li class=\"share-end\"><\/li><\/ul><\/div><\/div><\/div>","protected":false},"excerpt":{"rendered":"<p>Sis en retrait du Saguenay, Cet oasis de vill\u00e9giature Semble tirer sa renomm\u00e9e D\u2019un mariage avec la nature. Favoris\u00e9 d\u2019un d\u00e9cor idyllique, Le village attire les cin\u00e9astes Qui laissent sur leur passage des traces De montages cin\u00e9matographiques. C\u2019est d\u2019ailleurs La robe noire qui donna l\u2019id\u00e9e De cr\u00e9er le Site de la Nouvelle-France, Haut-lieu d\u2019une activit\u00e9 [&hellip;]<\/p>\n<div class=\"sharedaddy sd-sharing-enabled\"><div class=\"robots-nocontent sd-block sd-social sd-social-icon-text sd-sharing\"><h3 class=\"sd-title\">Partager\u00a0:<\/h3><div class=\"sd-content\"><ul><li class=\"share-facebook\"><a rel=\"nofollow noopener noreferrer\" data-shared=\"sharing-facebook-254\" class=\"share-facebook sd-button share-icon\" href=\"https:\/\/jeanpaulsimard.com\/index.php\/2015\/07\/15\/saint-felix-dotis\/?share=facebook\" target=\"_blank\" title=\"Cliquez pour partager sur Facebook\"><span>Facebook<\/span><\/a><\/li><li class=\"share-twitter\"><a rel=\"nofollow noopener noreferrer\" data-shared=\"sharing-twitter-254\" class=\"share-twitter sd-button share-icon\" href=\"https:\/\/jeanpaulsimard.com\/index.php\/2015\/07\/15\/saint-felix-dotis\/?share=twitter\" target=\"_blank\" title=\"Cliquez pour partager sur Twitter\"><span>Twitter<\/span><\/a><\/li><li class=\"share-linkedin\"><a rel=\"nofollow noopener noreferrer\" data-shared=\"sharing-linkedin-254\" class=\"share-linkedin sd-button share-icon\" href=\"https:\/\/jeanpaulsimard.com\/index.php\/2015\/07\/15\/saint-felix-dotis\/?share=linkedin\" target=\"_blank\" title=\"Cliquez pour partager sur LinkedIn\"><span>LinkedIn<\/span><\/a><\/li><li class=\"share-pinterest\"><a rel=\"nofollow noopener noreferrer\" data-shared=\"sharing-pinterest-254\" class=\"share-pinterest sd-button share-icon\" href=\"https:\/\/jeanpaulsimard.com\/index.php\/2015\/07\/15\/saint-felix-dotis\/?share=pinterest\" target=\"_blank\" title=\"Cliquez pour partager sur Pinterest\"><span>Pinterest<\/span><\/a><\/li><li class=\"share-email\"><a rel=\"nofollow noopener noreferrer\" data-shared=\"\" class=\"share-email sd-button share-icon\" href=\"https:\/\/jeanpaulsimard.com\/index.php\/2015\/07\/15\/saint-felix-dotis\/?share=email\" target=\"_blank\" title=\"Cliquez pour envoyer par e-mail \u00e0 un ami\"><span>E-mail<\/span><\/a><\/li><li class=\"share-print\"><a rel=\"nofollow noopener noreferrer\" data-shared=\"\" class=\"share-print sd-button share-icon\" href=\"https:\/\/jeanpaulsimard.com\/index.php\/2015\/07\/15\/saint-felix-dotis\/\" target=\"_blank\" title=\"Cliquer pour imprimer\"><span>Imprimer<\/span><\/a><\/li><li class=\"share-end\"><\/li><\/ul><\/div><\/div><\/div>","protected":false},"author":1,"featured_media":0,"comment_status":"open","ping_status":"open","sticky":false,"template":"","format":"standard","meta":{"spay_email":"","jetpack_publicize_message":"","jetpack_is_tweetstorm":false},"categories":[20],"tags":[15,16,22,12],"jetpack_featured_media_url":"","jetpack_publicize_connections":[],"jetpack_sharing_enabled":true,"jetpack_shortlink":"https:\/\/wp.me\/p6sIY6-46","jetpack-related-posts":[{"id":250,"url":"https:\/\/jeanpaulsimard.com\/index.php\/2015\/07\/15\/hymne-a-ma-ville\/","url_meta":{"origin":254,"position":0},"title":"Hymne \u00e0 ma ville","date":"15 juillet 2015","format":false,"excerpt":"Un jour,\u00a0 \u00a0sur \u00a0les bords\u00a0 de \u00a0la rivi\u00e8re Saguenay Pays de neige, de lacs, de montagnes, de mar\u00e9es, Tu jaillis \u00a0tel \u00a0un \u00a0Fjord \u00a0du \u00a0courant de l\u2019histoire, Faisant d\u2019un Royaume une ville aux mille espoirs. La Baie,\u00a0 \u00a0la fabuleuse,\u00a0 berceau\u00a0 des\u00a0 origines, Chicoutimi, \u00a0\u00a0la reine,\u00a0 chef-lieu\u00a0 \u00a0de\u00a0 la mairie, Jonqui\u00e8re,\u2026","rel":"","context":"Dans \"beaut\u00e9\"","img":{"alt_text":"","src":"","width":0,"height":0},"classes":[]},{"id":260,"url":"https:\/\/jeanpaulsimard.com\/index.php\/2015\/07\/15\/petit-saguenay\/","url_meta":{"origin":254,"position":1},"title":"Petit-Saguenay","date":"15 juillet 2015","format":false,"excerpt":"PETIT-SAGUENAY Mollement blotti dans son \u00e9crin de montagne, Bord\u00e9 au sud \u00a0par\u00a0 sa\u00a0 rivi\u00e8re \u00a0enchanteresse, Petit-Saguenay\u00a0 \u00a0est \u00a0un\u00a0 \u00a0village\u00a0 qui\u00a0 gagne Tout amant de la nature \u00a0en qu\u00eate d\u2019ivresse. Le village comprend, dans sa beaut\u00e9 \u00e9tale, La rue du Quai avec ses coquettes maisons, Ses parterres fleuris au ton carte\u2026","rel":"","context":"Dans &quot;Contemplation&quot;","img":{"alt_text":"","src":"https:\/\/i0.wp.com\/jeanpaulsimard.com\/wp-content\/uploads\/2015\/07\/Petit-Saguenay.jpg?resize=350%2C200","width":350,"height":200},"classes":[]},{"id":256,"url":"https:\/\/jeanpaulsimard.com\/index.php\/2015\/07\/15\/riviere-eternite\/","url_meta":{"origin":254,"position":2},"title":"Rivi\u00e8re-\u00c9ternit\u00e9","date":"15 juillet 2015","format":false,"excerpt":"Mus\u00e9e \u00a0exceptionnel \u00a0des \u00a0richesses \u00a0du \u00a0Fjord, Offrant nature, accueil, croisi\u00e8res et randonn\u00e9es, Baie myst\u00e9rieuse o\u00f9 s\u2019ench\u00e2ssent les tr\u00e9sors, Ainsi\u00a0 se \u00a0\u00a0pr\u00e9sente\u00a0\u00a0 Rivi\u00e8re-\u00c9ternit\u00e9. Sa \u00a0toponymie \u00a0aux \u00a0vocables \u00a0religieux, Le profil \u00a0ascensionnel \u00a0de son paysage, Le sentiment mystique \u00e9manant de ce lieu Disposent \u00e0 la symbolique de son langage. Caps \u00c9ternit\u00e9 et\u2026","rel":"","context":"Dans &quot;Actualit\u00e9&quot;","img":{"alt_text":"","src":"","width":0,"height":0},"classes":[]},{"id":247,"url":"https:\/\/jeanpaulsimard.com\/index.php\/2015\/07\/15\/le-fjord-du-saguenay-le-parc-marin\/","url_meta":{"origin":254,"position":3},"title":"Le Fjord du Saguenay (le parc marin)","date":"15 juillet 2015","format":false,"excerpt":"\u00a0 \u00a0 \u00a0 \u00a0 \u00a0 \u00a0 \u00a0 \u00a0 \u00a0HOMMAGE \u00c0 MON FJORD \u00a0 \u00a0 \u00a0 \u00a0 \u00a0 \u00a0 \u00a0 \u00a0 (Parc marin du Saguenay) Quand, sur la Marjolaine, \u00e0 l\u2019\u00e9t\u00e9 des croisi\u00e8res, Je\u00a0 vogue\u00a0 sur\u00a0 les eaux\u00a0 de\u00a0 la rivi\u00e8re Saguenay, La vue du Fjord dans sa beaut\u00e9 sauvage et\u2026","rel":"","context":"Dans &quot;Actualit\u00e9&quot;","img":{"alt_text":"","src":"","width":0,"height":0},"classes":[]},{"id":3101,"url":"https:\/\/jeanpaulsimard.com\/index.php\/2016\/07\/19\/5-remedes-a-la-tristesse\/","url_meta":{"origin":254,"position":4},"title":"5 REM\u00c8DES \u00c0 LA TRISTESSE","date":"19 juillet 2016","format":false,"excerpt":"Les 5 rem\u00e8des \u00e0 la tristesse de Saint Thomas d'Aquin Un article du journaliste Don Carlo de Marchi, dans Aleteia, m'a r\u00e9cemment beaucoup interpell\u00e9. Cet article s'intitule \u00abLes 5 rem\u00e8des \u00e0 la tristesse selon saint Thomas d'Aquin\u00bb. Selon le journaliste, les cinq rem\u00e8des du c\u00e9l\u00e8bre philosophe et th\u00e9ologien du Moyen-\u00c2ge\u2026","rel":"","context":"Dans &quot;Actualit\u00e9&quot;","img":{"alt_text":"468X624","src":"https:\/\/i2.wp.com\/jeanpaulsimard.com\/wp-content\/uploads\/2016\/07\/468X624.jpg?resize=350%2C200","width":350,"height":200},"classes":[]},{"id":262,"url":"https:\/\/jeanpaulsimard.com\/index.php\/2015\/07\/15\/sainte-rose-du-nord\/","url_meta":{"origin":254,"position":5},"title":"Sainte-Rose-du-Nord","date":"15 juillet 2015","format":false,"excerpt":"SAINTE-ROSE-DU-NORD Il faut voir le\u00a0 village de Sainte-Rose-du-Nord, Perle \u00e9chapp\u00e9e par les dieux dans l\u2019\u00e9crin du Fjord, Sertie\u00a0 dans\u00a0 la montagne, aux pieds du Saguenay Oasis luxuriant que V\u00e9nus a couronn\u00e9*. Jadis, on l\u2019appelait La \u00a0Descentes-des-femmes**, Par o\u00f9, \u00a0selon \u00a0une\u00a0 \u00a0vieille\u00a0 l\u00e9gende\u00a0 \u00abindienne\u00bb, Trois femmes \u00e9plor\u00e9es,\u00a0 de leurs maris\u00a0 en\u00a0\u2026","rel":"","context":"Dans &quot;Actualit\u00e9&quot;","img":{"alt_text":"","src":"https:\/\/i2.wp.com\/jeanpaulsimard.com\/wp-content\/uploads\/2015\/07\/Sainte-Rose-du-Nord-1024x436.jpg?resize=350%2C200","width":350,"height":200},"classes":[]}],"_links":{"self":[{"href":"https:\/\/jeanpaulsimard.com\/index.php\/wp-json\/wp\/v2\/posts\/254"}],"collection":[{"href":"https:\/\/jeanpaulsimard.com\/index.php\/wp-json\/wp\/v2\/posts"}],"about":[{"href":"https:\/\/jeanpaulsimard.com\/index.php\/wp-json\/wp\/v2\/types\/post"}],"author":[{"embeddable":true,"href":"https:\/\/jeanpaulsimard.com\/index.php\/wp-json\/wp\/v2\/users\/1"}],"replies":[{"embeddable":true,"href":"https:\/\/jeanpaulsimard.com\/index.php\/wp-json\/wp\/v2\/comments?post=254"}],"version-history":[{"count":7,"href":"https:\/\/jeanpaulsimard.com\/index.php\/wp-json\/wp\/v2\/posts\/254\/revisions"}],"predecessor-version":[{"id":2574,"href":"https:\/\/jeanpaulsimard.com\/index.php\/wp-json\/wp\/v2\/posts\/254\/revisions\/2574"}],"wp:attachment":[{"href":"https:\/\/jeanpaulsimard.com\/index.php\/wp-json\/wp\/v2\/media?parent=254"}],"wp:term":[{"taxonomy":"category","embeddable":true,"href":"https:\/\/jeanpaulsimard.com\/index.php\/wp-json\/wp\/v2\/categories?post=254"},{"taxonomy":"post_tag","embeddable":true,"href":"https:\/\/jeanpaulsimard.com\/index.php\/wp-json\/wp\/v2\/tags?post=254"}],"curies":[{"name":"wp","href":"https:\/\/api.w.org\/{rel}","templated":true}]}}