{"id":252,"date":"2015-07-15T21:43:52","date_gmt":"2015-07-16T01:43:52","guid":{"rendered":"http:\/\/jeanpaulsimard.com\/?p=252"},"modified":"2016-03-29T14:58:59","modified_gmt":"2016-03-29T18:58:59","slug":"la-baie","status":"publish","type":"post","link":"https:\/\/jeanpaulsimard.com\/index.php\/2015\/07\/15\/la-baie\/","title":{"rendered":"La Baie"},"content":{"rendered":"<h2 style=\"text-align: center;\"><span style=\"color: #99ccff;\">La Baie, ville h\u00f4tesse des premiers arrivants<\/span><\/h2>\n<h2 style=\"text-align: center;\"><span style=\"color: #99ccff;\">La Baie, la belle, la fabuleuse&#8230;<\/span><\/h2>\n<h2 style=\"text-align: center;\"><span style=\"color: #99ccff;\">Combien de fois as-tu livr\u00e9 \u00e0 mon \u00e2me \u00e9plor\u00e9e le Dieu du beau ?<\/span><\/h2>\n<h2 style=\"text-align: center;\"><span style=\"color: #99ccff;\">Combien de fois m\u2019as-tu servi de refuge \u00e0 mon \u00e2me nostalgique ?<\/span><\/h2>\n<p>&nbsp;<\/p>\n<div class=\"sharedaddy sd-sharing-enabled\"><div class=\"robots-nocontent sd-block sd-social sd-social-icon-text sd-sharing\"><h3 class=\"sd-title\">Partager\u00a0:<\/h3><div class=\"sd-content\"><ul><li class=\"share-facebook\"><a rel=\"nofollow noopener noreferrer\" data-shared=\"sharing-facebook-252\" class=\"share-facebook sd-button share-icon\" href=\"https:\/\/jeanpaulsimard.com\/index.php\/2015\/07\/15\/la-baie\/?share=facebook\" target=\"_blank\" title=\"Cliquez pour partager sur Facebook\"><span>Facebook<\/span><\/a><\/li><li class=\"share-twitter\"><a rel=\"nofollow noopener noreferrer\" data-shared=\"sharing-twitter-252\" class=\"share-twitter sd-button share-icon\" href=\"https:\/\/jeanpaulsimard.com\/index.php\/2015\/07\/15\/la-baie\/?share=twitter\" target=\"_blank\" title=\"Cliquez pour partager sur Twitter\"><span>Twitter<\/span><\/a><\/li><li class=\"share-linkedin\"><a rel=\"nofollow noopener noreferrer\" data-shared=\"sharing-linkedin-252\" class=\"share-linkedin sd-button share-icon\" href=\"https:\/\/jeanpaulsimard.com\/index.php\/2015\/07\/15\/la-baie\/?share=linkedin\" target=\"_blank\" title=\"Cliquez pour partager sur LinkedIn\"><span>LinkedIn<\/span><\/a><\/li><li class=\"share-pinterest\"><a rel=\"nofollow noopener noreferrer\" data-shared=\"sharing-pinterest-252\" class=\"share-pinterest sd-button share-icon\" href=\"https:\/\/jeanpaulsimard.com\/index.php\/2015\/07\/15\/la-baie\/?share=pinterest\" target=\"_blank\" title=\"Cliquez pour partager sur Pinterest\"><span>Pinterest<\/span><\/a><\/li><li class=\"share-email\"><a rel=\"nofollow noopener noreferrer\" data-shared=\"\" class=\"share-email sd-button share-icon\" href=\"https:\/\/jeanpaulsimard.com\/index.php\/2015\/07\/15\/la-baie\/?share=email\" target=\"_blank\" title=\"Cliquez pour envoyer par e-mail \u00e0 un ami\"><span>E-mail<\/span><\/a><\/li><li class=\"share-print\"><a rel=\"nofollow noopener noreferrer\" data-shared=\"\" class=\"share-print sd-button share-icon\" href=\"https:\/\/jeanpaulsimard.com\/index.php\/2015\/07\/15\/la-baie\/\" target=\"_blank\" title=\"Cliquer pour imprimer\"><span>Imprimer<\/span><\/a><\/li><li class=\"share-end\"><\/li><\/ul><\/div><\/div><\/div>","protected":false},"excerpt":{"rendered":"<p>La Baie, ville h\u00f4tesse des premiers arrivants La Baie, la belle, la fabuleuse&#8230; Combien de fois as-tu livr\u00e9 \u00e0 mon \u00e2me \u00e9plor\u00e9e le Dieu du beau ? Combien de fois m\u2019as-tu servi de refuge \u00e0 mon \u00e2me nostalgique ? &nbsp;<\/p>\n<div class=\"sharedaddy sd-sharing-enabled\"><div class=\"robots-nocontent sd-block sd-social sd-social-icon-text sd-sharing\"><h3 class=\"sd-title\">Partager\u00a0:<\/h3><div class=\"sd-content\"><ul><li class=\"share-facebook\"><a rel=\"nofollow noopener noreferrer\" data-shared=\"sharing-facebook-252\" class=\"share-facebook sd-button share-icon\" href=\"https:\/\/jeanpaulsimard.com\/index.php\/2015\/07\/15\/la-baie\/?share=facebook\" target=\"_blank\" title=\"Cliquez pour partager sur Facebook\"><span>Facebook<\/span><\/a><\/li><li class=\"share-twitter\"><a rel=\"nofollow noopener noreferrer\" data-shared=\"sharing-twitter-252\" class=\"share-twitter sd-button share-icon\" href=\"https:\/\/jeanpaulsimard.com\/index.php\/2015\/07\/15\/la-baie\/?share=twitter\" target=\"_blank\" title=\"Cliquez pour partager sur Twitter\"><span>Twitter<\/span><\/a><\/li><li class=\"share-linkedin\"><a rel=\"nofollow noopener noreferrer\" data-shared=\"sharing-linkedin-252\" class=\"share-linkedin sd-button share-icon\" href=\"https:\/\/jeanpaulsimard.com\/index.php\/2015\/07\/15\/la-baie\/?share=linkedin\" target=\"_blank\" title=\"Cliquez pour partager sur LinkedIn\"><span>LinkedIn<\/span><\/a><\/li><li class=\"share-pinterest\"><a rel=\"nofollow noopener noreferrer\" data-shared=\"sharing-pinterest-252\" class=\"share-pinterest sd-button share-icon\" href=\"https:\/\/jeanpaulsimard.com\/index.php\/2015\/07\/15\/la-baie\/?share=pinterest\" target=\"_blank\" title=\"Cliquez pour partager sur Pinterest\"><span>Pinterest<\/span><\/a><\/li><li class=\"share-email\"><a rel=\"nofollow noopener noreferrer\" data-shared=\"\" class=\"share-email sd-button share-icon\" href=\"https:\/\/jeanpaulsimard.com\/index.php\/2015\/07\/15\/la-baie\/?share=email\" target=\"_blank\" title=\"Cliquez pour envoyer par e-mail \u00e0 un ami\"><span>E-mail<\/span><\/a><\/li><li class=\"share-print\"><a rel=\"nofollow noopener noreferrer\" data-shared=\"\" class=\"share-print sd-button share-icon\" href=\"https:\/\/jeanpaulsimard.com\/index.php\/2015\/07\/15\/la-baie\/\" target=\"_blank\" title=\"Cliquer pour imprimer\"><span>Imprimer<\/span><\/a><\/li><li class=\"share-end\"><\/li><\/ul><\/div><\/div><\/div>","protected":false},"author":1,"featured_media":0,"comment_status":"open","ping_status":"open","sticky":false,"template":"","format":"standard","meta":{"spay_email":"","jetpack_publicize_message":"","jetpack_is_tweetstorm":false},"categories":[20],"tags":[15,16,22,12],"jetpack_featured_media_url":"","jetpack_publicize_connections":[],"jetpack_sharing_enabled":true,"jetpack_shortlink":"https:\/\/wp.me\/p6sIY6-44","jetpack-related-posts":[{"id":514,"url":"https:\/\/jeanpaulsimard.com\/index.php\/2015\/07\/22\/eloge-de-la-marche\/","url_meta":{"origin":252,"position":0},"title":"QUAND JE MARCHE TOUT MARCHE...","date":"22 juillet 2015","format":false,"excerpt":"La sagesse de la marche QUI N\u2019AVANCE PAS RECULE ! Dans \u00abAlice au Pays des Merveilles\u00bb, la reine donne \u00e0 l'h\u00e9ro\u00efne ce conseil: \u00abTu dois courir le plus vite possible pour rester au m\u00eame endroit. Si tu veux aller ailleurs, tu dois courir au moins deux fois plus vite que\u2026","rel":"","context":"Dans &quot;Actualit\u00e9&quot;","img":{"alt_text":"","src":"","width":0,"height":0},"classes":[]},{"id":256,"url":"https:\/\/jeanpaulsimard.com\/index.php\/2015\/07\/15\/riviere-eternite\/","url_meta":{"origin":252,"position":1},"title":"Rivi\u00e8re-\u00c9ternit\u00e9","date":"15 juillet 2015","format":false,"excerpt":"Mus\u00e9e \u00a0exceptionnel \u00a0des \u00a0richesses \u00a0du \u00a0Fjord, Offrant nature, accueil, croisi\u00e8res et randonn\u00e9es, Baie myst\u00e9rieuse o\u00f9 s\u2019ench\u00e2ssent les tr\u00e9sors, Ainsi\u00a0 se \u00a0\u00a0pr\u00e9sente\u00a0\u00a0 Rivi\u00e8re-\u00c9ternit\u00e9. Sa \u00a0toponymie \u00a0aux \u00a0vocables \u00a0religieux, Le profil \u00a0ascensionnel \u00a0de son paysage, Le sentiment mystique \u00e9manant de ce lieu Disposent \u00e0 la symbolique de son langage. Caps \u00c9ternit\u00e9 et\u2026","rel":"","context":"Dans &quot;Actualit\u00e9&quot;","img":{"alt_text":"","src":"","width":0,"height":0},"classes":[]},{"id":250,"url":"https:\/\/jeanpaulsimard.com\/index.php\/2015\/07\/15\/hymne-a-ma-ville\/","url_meta":{"origin":252,"position":2},"title":"Hymne \u00e0 ma ville","date":"15 juillet 2015","format":false,"excerpt":"Un jour,\u00a0 \u00a0sur \u00a0les bords\u00a0 de \u00a0la rivi\u00e8re Saguenay Pays de neige, de lacs, de montagnes, de mar\u00e9es, Tu jaillis \u00a0tel \u00a0un \u00a0Fjord \u00a0du \u00a0courant de l\u2019histoire, Faisant d\u2019un Royaume une ville aux mille espoirs. La Baie,\u00a0 \u00a0la fabuleuse,\u00a0 berceau\u00a0 des\u00a0 origines, Chicoutimi, \u00a0\u00a0la reine,\u00a0 chef-lieu\u00a0 \u00a0de\u00a0 la mairie, Jonqui\u00e8re,\u2026","rel":"","context":"Dans \"beaut\u00e9\"","img":{"alt_text":"","src":"","width":0,"height":0},"classes":[]},{"id":260,"url":"https:\/\/jeanpaulsimard.com\/index.php\/2015\/07\/15\/petit-saguenay\/","url_meta":{"origin":252,"position":3},"title":"Petit-Saguenay","date":"15 juillet 2015","format":false,"excerpt":"PETIT-SAGUENAY Mollement blotti dans son \u00e9crin de montagne, Bord\u00e9 au sud \u00a0par\u00a0 sa\u00a0 rivi\u00e8re \u00a0enchanteresse, Petit-Saguenay\u00a0 \u00a0est \u00a0un\u00a0 \u00a0village\u00a0 qui\u00a0 gagne Tout amant de la nature \u00a0en qu\u00eate d\u2019ivresse. Le village comprend, dans sa beaut\u00e9 \u00e9tale, La rue du Quai avec ses coquettes maisons, Ses parterres fleuris au ton carte\u2026","rel":"","context":"Dans &quot;Contemplation&quot;","img":{"alt_text":"","src":"https:\/\/i0.wp.com\/jeanpaulsimard.com\/wp-content\/uploads\/2015\/07\/Petit-Saguenay.jpg?resize=350%2C200","width":350,"height":200},"classes":[]},{"id":674,"url":"https:\/\/jeanpaulsimard.com\/index.php\/2015\/07\/27\/comment-fais-tu-pour-aussi-sereine\/","url_meta":{"origin":252,"position":4},"title":"Comment fais-tu pour \u00eatre aussi sereine ?","date":"27 juillet 2015","format":false,"excerpt":"C\u2019est la question que je posais r\u00e9cemment \u00e0 ma grande amie Roxane, au cours d'un d\u00e9jeuner amical. Roxane, une femme que rien ne perturbe, qui assume sa vie telle qu'elle se pr\u00e9sente au quotidien et avec laquelle je partage mes plus belles valeurs humaines et spirituelles. Je prends tout ce\u2026","rel":"","context":"Dans &quot;Actualit\u00e9&quot;","img":{"alt_text":"","src":"","width":0,"height":0},"classes":[]},{"id":1827,"url":"https:\/\/jeanpaulsimard.com\/index.php\/2015\/10\/17\/connaissez-vous-letonnante-therapie-des-trois-r\/","url_meta":{"origin":252,"position":5},"title":"CONNAISSEZ-VOUS L'\u00c9TONNANTE TH\u00c9RAPIE DES TROIS \u00ab R \u00bb ?","date":"17 octobre 2015","format":false,"excerpt":"VOICI UNE TH\u00c9RAPIE FORT SIMPLE, mais d'une EFFICACIT\u00c9 \u00c9TONNANTE pour atteindre l'\u00e9quilibre, vaincre le stress, r\u00e9cup\u00e9rer et recharger ses batteries. Tellement efficace que je suis tomb\u00e9 en amour avec elle\u2026 Elle ne me quitte pas un instant\u2026 ELLE CONSISTE \u00e0 dire fr\u00e9quemment, dans la journ\u00e9e, en\u00a0travaillant, en marchant, en auto,\u2026","rel":"","context":"Dans &quot;Actualit\u00e9&quot;","img":{"alt_text":"","src":"https:\/\/i0.wp.com\/jeanpaulsimard.com\/wp-content\/uploads\/2015\/10\/fleurs.jpg?fit=1020%2C400&ssl=1&resize=350%2C200","width":350,"height":200},"classes":[]}],"_links":{"self":[{"href":"https:\/\/jeanpaulsimard.com\/index.php\/wp-json\/wp\/v2\/posts\/252"}],"collection":[{"href":"https:\/\/jeanpaulsimard.com\/index.php\/wp-json\/wp\/v2\/posts"}],"about":[{"href":"https:\/\/jeanpaulsimard.com\/index.php\/wp-json\/wp\/v2\/types\/post"}],"author":[{"embeddable":true,"href":"https:\/\/jeanpaulsimard.com\/index.php\/wp-json\/wp\/v2\/users\/1"}],"replies":[{"embeddable":true,"href":"https:\/\/jeanpaulsimard.com\/index.php\/wp-json\/wp\/v2\/comments?post=252"}],"version-history":[{"count":6,"href":"https:\/\/jeanpaulsimard.com\/index.php\/wp-json\/wp\/v2\/posts\/252\/revisions"}],"predecessor-version":[{"id":2910,"href":"https:\/\/jeanpaulsimard.com\/index.php\/wp-json\/wp\/v2\/posts\/252\/revisions\/2910"}],"wp:attachment":[{"href":"https:\/\/jeanpaulsimard.com\/index.php\/wp-json\/wp\/v2\/media?parent=252"}],"wp:term":[{"taxonomy":"category","embeddable":true,"href":"https:\/\/jeanpaulsimard.com\/index.php\/wp-json\/wp\/v2\/categories?post=252"},{"taxonomy":"post_tag","embeddable":true,"href":"https:\/\/jeanpaulsimard.com\/index.php\/wp-json\/wp\/v2\/tags?post=252"}],"curies":[{"name":"wp","href":"https:\/\/api.w.org\/{rel}","templated":true}]}}