{"id":2139,"date":"2015-12-12T09:38:27","date_gmt":"2015-12-12T14:38:27","guid":{"rendered":"http:\/\/jeanpaulsimard.com\/?p=2139"},"modified":"2016-05-12T08:43:08","modified_gmt":"2016-05-12T12:43:08","slug":"aime-la-vie-et-la-vie-taimera","status":"publish","type":"post","link":"https:\/\/jeanpaulsimard.com\/index.php\/2015\/12\/12\/aime-la-vie-et-la-vie-taimera\/","title":{"rendered":"AIME LA VIE ET LA VIE T&rsquo;AIMERA"},"content":{"rendered":"<h2 style=\"text-align: justify;\"><\/h2>\n<h2 style=\"text-align: justify;\"><a href=\"https:\/\/i0.wp.com\/jeanpaulsimard.com\/wp-content\/uploads\/2015\/12\/s3766-ble-ciel-bleu.jpg\" rel=\"attachment wp-att-2467\"><img loading=\"lazy\" class=\"size-full wp-image-2467 alignleft\" src=\"https:\/\/i0.wp.com\/jeanpaulsimard.com\/wp-content\/uploads\/2015\/12\/s3766-ble-ciel-bleu.jpg?resize=180%2C136\" alt=\"s3766-ble-ciel-bleu\" width=\"180\" height=\"136\" srcset=\"https:\/\/i0.wp.com\/jeanpaulsimard.com\/wp-content\/uploads\/2015\/12\/s3766-ble-ciel-bleu.jpg?w=180&amp;ssl=1 180w, https:\/\/i0.wp.com\/jeanpaulsimard.com\/wp-content\/uploads\/2015\/12\/s3766-ble-ciel-bleu.jpg?resize=1%2C1&amp;ssl=1 1w\" sizes=\"(max-width: 180px) 100vw, 180px\" data-recalc-dims=\"1\" \/><\/a><span style=\"color: #ff9900;\"><strong>\u00c0 LIRE DANS LES MOMENTS D&rsquo;\u00c9PREUVES<\/strong><\/span><\/h2>\n<h2 style=\"text-align: justify;\"><span style=\"color: #99ccff;\"><strong>J&rsquo;extrais le passage suivant d\u2019un livre magnifique <\/strong><strong>intitul\u00e9 <\/strong><strong><em><u>Maria, Les fleurs d&rsquo;amandier<\/u><\/em><\/strong><strong>. Un livre de l&rsquo;\u00e9crivaine espagnole <\/strong><strong>Maria Ostenero-Leon. Cette femme vient de passer \u00e0 travers une tr\u00e8s grande \u00e9preuve. S&rsquo;ouvre alors devant elle un horizon de sens et d\u2019espoir. Elle l\u2019exprime \u00e0 travers l&rsquo;image de la renaissance printani\u00e8re, symbole m\u00eame de la vie qui rena\u00eet de ses cendres. Elle \u00e9crit\u00a0:<\/strong><\/span><\/h2>\n<blockquote>\n<h2 style=\"text-align: justify;\"><span style=\"color: #99ccff;\"><strong>\u00a0<span style=\"color: #ccffff;\">\u00ab [Oui] Je vais attendre le printemps. Je sais que tout doit rena\u00eetre, refleurir. Je sais que le tapis vert du pr\u00e9 s&rsquo;ornera de boutons d&rsquo;or, que les arbres offriront au soleil les splendeurs qu&rsquo;ils tiennent cach\u00e9es, mais mon c\u0153ur est en alerte, et je n&rsquo;ai pas la patience de garder les yeux ferm\u00e9s pour laisser au printemps la joie de me surprendre. Comme on attend la venue de l&rsquo;\u00eatre aim\u00e9, comptant les jours et les heures, esp\u00e9rant sa silhouette jusqu&rsquo;au bout de la nuit, tendant l&rsquo;oreille parce qu&rsquo;on a cru reconna\u00eetre le bruit de ses pas, je guette le printemps.<\/span><\/strong><\/span><\/h2>\n<h2 style=\"text-align: justify;\"><span style=\"color: #ccffff;\"><strong>\u00a0 Je suis amoureuse de lui.<\/strong><\/span><\/h2>\n<h2 style=\"text-align: justify;\"><span style=\"color: #ccffff;\"><strong>\u00a0 Je suis amoureuse de la vie. \u00bb<\/strong><\/span><\/h2>\n<p>&nbsp;<\/p>\n<hr \/>\n<\/blockquote>\n<h2><span style=\"color: #ff9900;\">SAVOIR MESURER LE PRIX INFINI DE L&rsquo;EXISTENCE\u00a0<\/span><\/h2>\n<h2 style=\"text-align: justify;\"><span style=\"color: #99ccff;\"><strong>Quand il est question du non-sens de la vie, j\u2019aime bien \u00e9voquer un exemple puis\u00e9 dans un ouvrage c\u00e9l\u00e8bre de Dosto\u00efevski, o\u00f9 il met en sc\u00e8ne un personnage, Ivan Karamazov, dont l&rsquo;existence est lourdement hypoth\u00e9qu\u00e9e par le non-sens de sa vie. Mal dans sa peau, mal dans son existence, il cherche, il se tourmente&#8230; Aliocha lui dit alors: \u00ab<em>Aime la vie: il suffit que tu aimes la vie. Ensuite, tu en chercheras le sens<\/em>\u00bb. \u00c0 celui qui aime la vie, la vie octroie le don du sens. Le sens na\u00eet de l&rsquo;amour de la vie.<\/strong><\/span><\/h2>\n<h2 style=\"text-align: justify;\"><span style=\"color: #99ccff;\"><strong>Ainsi faut-il comprendre que la recherche de sens ne peut se faire qu&rsquo;\u00e0 travers une ouverture et une adh\u00e9sion profondes \u00e0 la vie. De quelle fa\u00e7on? En s&rsquo;effor\u00e7ant de mesurer le prix infini de l&rsquo;existence. En se rattachant \u00e0 la vie comme \u00e0 sa source m\u00eame. En r\u00e9tablissant le flux vital l\u00e0 o\u00f9 le courant a disparu. En t\u00e9moignant que toute vie est importante et que toute mutilation, de quelque nature que ce soit, est une catastrophe, une sorte de fin du monde. En proclamant que la vie est sacr\u00e9e et que celle de l&rsquo;homme en particulier rec\u00e8le des tr\u00e9sors d&rsquo;\u00e9ternit\u00e9.<\/strong><\/span><\/h2>\n<p>&nbsp;<\/p>\n<hr \/>\n<h2 style=\"text-align: justify;\"><span style=\"color: #ff9900;\">\u00a0LE BONHEUR D&rsquo;\u00caTRE EN HARMONIE AVEC LA VIE<\/span><\/h2>\n<h2 style=\"text-align: justify;\"><span style=\"color: #99ccff;\"><strong>Chez les humains, comme dans le r\u00e8gne v\u00e9g\u00e9tal, animal et le cosmos en g\u00e9n\u00e9ral, un immense courant vital transcende la r\u00e9alit\u00e9. Il existe partout une puissance germinative \u00e0 l&rsquo;\u0153uvre dans l&rsquo;univers et cette puissance, c&rsquo;est celle de la vie. La vie <\/strong><strong>tend \u00e0 s&rsquo;affirmer, en d\u00e9pit de tout ce qui peut le nier. Elle nous permet de penser que le monde en g\u00e9n\u00e9ral n&rsquo;est pas hostile, mais bon et habit\u00e9 par le bien, m\u00eame si ce ne sont pas tous les humains qui en t\u00e9moignent. Aussi n\u2019y a-t-il pas de plus grand bonheur que d&rsquo;\u00eatre en harmonie avec la vie. Inversement, il n&rsquo;y a pas de pire tristesse que de se sentir jet\u00e9s dans l&rsquo;existence, incapables de s\u2019y adapter. Se sentir en lien avec la vie donne le go\u00fbt d&rsquo;exister.<\/strong><\/span><\/h2>\n<p>&nbsp;<\/p>\n<hr \/>\n<h3 style=\"text-align: justify;\"><\/h3>\n<h2 style=\"text-align: justify;\"><span style=\"color: #ff6600;\"><strong>\u00a0<\/strong><strong>Si tu veux aller plus loin\u00a0:<\/strong><\/span><\/h2>\n<h2><span style=\"color: #ff9900;\"><em><a style=\"color: #ff9900;\" href=\"http:\/\/jeanpaulsimard.com\/index.php\/sample-page\/renaitre-des-pertes-de-la-vie\/\">http:\/\/jeanpaulsimard.com\/index.php\/sample-page\/renaitre-des-pertes-de-la-vie\/<\/a><\/em><\/span><\/h2>\n<h2 style=\"text-align: justify;\"><em><span style=\"color: #ffcc00;\"><a style=\"color: #ffcc00;\" href=\"http:\/\/mediaspaul.ca\/catalogue\/renaitre-des-pertes-de-la-vie-8172\"><strong>http:\/\/mediaspaul.ca\/catalogue\/renaitre-des-pertes-de-la-vie-8172<\/strong><\/a><\/span><\/em><\/h2>\n<h2 style=\"text-align: justify;\"><em><span style=\"color: #ff9900;\"><a style=\"color: #ff9900;\" href=\"http:\/\/jeanpaulsimard.com\/index.php\/2015\/07\/22\/avoir-confiance-dans-la-vie\/\">http:\/\/jeanpaulsimard.com\/index.php\/2015\/07\/22\/avoir-confiance-dans-la-vie\/<\/a><\/span><\/em><\/h2>\n<h2 style=\"text-align: justify;\"><span style=\"color: #ffcc00;\"><strong><u>\u00a0<\/u><\/strong><strong>Suivez-moi sur TWITTER\u00a0: @jeanpaulsim<\/strong><\/span><\/h2>\n<p>&nbsp;<\/p>\n<div class=\"sharedaddy sd-sharing-enabled\"><div class=\"robots-nocontent sd-block sd-social sd-social-icon-text sd-sharing\"><h3 class=\"sd-title\">Partager\u00a0:<\/h3><div class=\"sd-content\"><ul><li class=\"share-facebook\"><a rel=\"nofollow noopener noreferrer\" data-shared=\"sharing-facebook-2139\" class=\"share-facebook sd-button share-icon\" href=\"https:\/\/jeanpaulsimard.com\/index.php\/2015\/12\/12\/aime-la-vie-et-la-vie-taimera\/?share=facebook\" target=\"_blank\" title=\"Cliquez pour partager sur Facebook\"><span>Facebook<\/span><\/a><\/li><li class=\"share-twitter\"><a rel=\"nofollow noopener noreferrer\" data-shared=\"sharing-twitter-2139\" class=\"share-twitter sd-button share-icon\" href=\"https:\/\/jeanpaulsimard.com\/index.php\/2015\/12\/12\/aime-la-vie-et-la-vie-taimera\/?share=twitter\" target=\"_blank\" title=\"Cliquez pour partager sur Twitter\"><span>Twitter<\/span><\/a><\/li><li class=\"share-linkedin\"><a rel=\"nofollow noopener noreferrer\" data-shared=\"sharing-linkedin-2139\" class=\"share-linkedin sd-button share-icon\" href=\"https:\/\/jeanpaulsimard.com\/index.php\/2015\/12\/12\/aime-la-vie-et-la-vie-taimera\/?share=linkedin\" target=\"_blank\" title=\"Cliquez pour partager sur LinkedIn\"><span>LinkedIn<\/span><\/a><\/li><li class=\"share-pinterest\"><a rel=\"nofollow noopener noreferrer\" data-shared=\"sharing-pinterest-2139\" class=\"share-pinterest sd-button share-icon\" href=\"https:\/\/jeanpaulsimard.com\/index.php\/2015\/12\/12\/aime-la-vie-et-la-vie-taimera\/?share=pinterest\" target=\"_blank\" title=\"Cliquez pour partager sur Pinterest\"><span>Pinterest<\/span><\/a><\/li><li class=\"share-email\"><a rel=\"nofollow noopener noreferrer\" data-shared=\"\" class=\"share-email sd-button share-icon\" href=\"https:\/\/jeanpaulsimard.com\/index.php\/2015\/12\/12\/aime-la-vie-et-la-vie-taimera\/?share=email\" target=\"_blank\" title=\"Cliquez pour envoyer par e-mail \u00e0 un ami\"><span>E-mail<\/span><\/a><\/li><li class=\"share-print\"><a rel=\"nofollow noopener noreferrer\" data-shared=\"\" class=\"share-print sd-button share-icon\" href=\"https:\/\/jeanpaulsimard.com\/index.php\/2015\/12\/12\/aime-la-vie-et-la-vie-taimera\/\" target=\"_blank\" title=\"Cliquer pour imprimer\"><span>Imprimer<\/span><\/a><\/li><li class=\"share-end\"><\/li><\/ul><\/div><\/div><\/div>","protected":false},"excerpt":{"rendered":"<p>\u00c0 LIRE DANS LES MOMENTS D&rsquo;\u00c9PREUVES J&rsquo;extrais le passage suivant d\u2019un livre magnifique intitul\u00e9 Maria, Les fleurs d&rsquo;amandier. Un livre de l&rsquo;\u00e9crivaine espagnole Maria Ostenero-Leon. Cette femme vient de passer \u00e0 travers une tr\u00e8s grande \u00e9preuve. S&rsquo;ouvre alors devant elle un horizon de sens et d\u2019espoir. Elle l\u2019exprime \u00e0 travers l&rsquo;image de la renaissance printani\u00e8re, [&hellip;]<\/p>\n<div class=\"sharedaddy sd-sharing-enabled\"><div class=\"robots-nocontent sd-block sd-social sd-social-icon-text sd-sharing\"><h3 class=\"sd-title\">Partager\u00a0:<\/h3><div class=\"sd-content\"><ul><li class=\"share-facebook\"><a rel=\"nofollow noopener noreferrer\" data-shared=\"sharing-facebook-2139\" class=\"share-facebook sd-button share-icon\" href=\"https:\/\/jeanpaulsimard.com\/index.php\/2015\/12\/12\/aime-la-vie-et-la-vie-taimera\/?share=facebook\" target=\"_blank\" title=\"Cliquez pour partager sur Facebook\"><span>Facebook<\/span><\/a><\/li><li class=\"share-twitter\"><a rel=\"nofollow noopener noreferrer\" data-shared=\"sharing-twitter-2139\" class=\"share-twitter sd-button share-icon\" href=\"https:\/\/jeanpaulsimard.com\/index.php\/2015\/12\/12\/aime-la-vie-et-la-vie-taimera\/?share=twitter\" target=\"_blank\" title=\"Cliquez pour partager sur Twitter\"><span>Twitter<\/span><\/a><\/li><li class=\"share-linkedin\"><a rel=\"nofollow noopener noreferrer\" data-shared=\"sharing-linkedin-2139\" class=\"share-linkedin sd-button share-icon\" href=\"https:\/\/jeanpaulsimard.com\/index.php\/2015\/12\/12\/aime-la-vie-et-la-vie-taimera\/?share=linkedin\" target=\"_blank\" title=\"Cliquez pour partager sur LinkedIn\"><span>LinkedIn<\/span><\/a><\/li><li class=\"share-pinterest\"><a rel=\"nofollow noopener noreferrer\" data-shared=\"sharing-pinterest-2139\" class=\"share-pinterest sd-button share-icon\" href=\"https:\/\/jeanpaulsimard.com\/index.php\/2015\/12\/12\/aime-la-vie-et-la-vie-taimera\/?share=pinterest\" target=\"_blank\" title=\"Cliquez pour partager sur Pinterest\"><span>Pinterest<\/span><\/a><\/li><li class=\"share-email\"><a rel=\"nofollow noopener noreferrer\" data-shared=\"\" class=\"share-email sd-button share-icon\" href=\"https:\/\/jeanpaulsimard.com\/index.php\/2015\/12\/12\/aime-la-vie-et-la-vie-taimera\/?share=email\" target=\"_blank\" title=\"Cliquez pour envoyer par e-mail \u00e0 un ami\"><span>E-mail<\/span><\/a><\/li><li class=\"share-print\"><a rel=\"nofollow noopener noreferrer\" data-shared=\"\" class=\"share-print sd-button share-icon\" href=\"https:\/\/jeanpaulsimard.com\/index.php\/2015\/12\/12\/aime-la-vie-et-la-vie-taimera\/\" target=\"_blank\" title=\"Cliquer pour imprimer\"><span>Imprimer<\/span><\/a><\/li><li class=\"share-end\"><\/li><\/ul><\/div><\/div><\/div>","protected":false},"author":3,"featured_media":0,"comment_status":"open","ping_status":"open","sticky":false,"template":"","format":"standard","meta":{"spay_email":"","jetpack_publicize_message":"","jetpack_is_tweetstorm":false},"categories":[24,60,55,56,59,58,20,52,25,48,65,64,47,61,53,57,46,54,63,43,44,27,51,62,2,49,45,50],"tags":[],"jetpack_featured_media_url":"","jetpack_publicize_connections":[],"jetpack_sharing_enabled":true,"jetpack_shortlink":"https:\/\/wp.me\/p6sIY6-yv","jetpack-related-posts":[{"id":2386,"url":"https:\/\/jeanpaulsimard.com\/index.php\/2016\/01\/16\/ma-priere-pour-lacher-prise\/","url_meta":{"origin":2139,"position":0},"title":"MA PRI\u00c8RE POUR \u00abL\u00c2CHER-PRISE\u00bb","date":"16 janvier 2016","format":false,"excerpt":"Cliquez sur le lien suivant: http:\/\/jeanpaulsimard.com\/wp-content\/uploads\/2018\/06\/33-ARTICLE-Ma-pri%C3%A8re-pour-l%C3%A2cher-prise.pdfpriere-pour-lacher-prise-TEXTE-1.pdf \u00a0 Pour aller plus loin: (VENDU EN LIBRAIRIE 19.95$ ou EN LIGNE chez AMAZON ou RENAUD-BRAY) L\u2019\u00e9tonnante th\u00e9rapie des 3R La th\u00e9rapie des 3R peut changer radicalement votre vie! Par\u00a0Jean-Paul Simard D\u2019une simplicit\u00e9 et d\u2019une efficacit\u00e9 \u00e9tonnantes, elle se pratique partout, en tout temps\u2026","rel":"","context":"Dans &quot;Actualit\u00e9&quot;","img":{"alt_text":"","src":"https:\/\/i2.wp.com\/jeanpaulsimard.com\/wp-content\/uploads\/2020\/10\/Pochette-Letonnante-therapie-des-3R-1A.jpg?resize=350%2C200&ssl=1","width":350,"height":200},"classes":[]},{"id":3523,"url":"https:\/\/jeanpaulsimard.com\/index.php\/2017\/08\/27\/on-ne-tue-pas-la-vie\/","url_meta":{"origin":2139,"position":1},"title":"ON NE TUE PAS LA VIE !","date":"27 ao\u00fbt 2017","format":false,"excerpt":"ON NE TUE PAS LA VIE ! \u00a0\u00a0 Le drame de Barcelone, perp\u00e9tr\u00e9 dans la foul\u00e9e de tous les autres de m\u00eame acabit, a suscit\u00e9 en moi une profonde r\u00e9flexion sur la vie. Ce geste, comme pour beaucoup de mes concitoyens, m'a boulevers\u00e9 au point de basculer un moment dans\u2026","rel":"","context":"Dans &quot;Actualit\u00e9&quot;","img":{"alt_text":"","src":"","width":0,"height":0},"classes":[]},{"id":1059,"url":"https:\/\/jeanpaulsimard.com\/index.php\/2015\/08\/16\/comment-prier-voici-une-priere-universelle\/","url_meta":{"origin":2139,"position":2},"title":"Comment prier ? Voici une pri\u00e8re universelle","date":"16 ao\u00fbt 2015","format":false,"excerpt":"COMMENT PRIER ? MA FA\u00c7ON DE PRIER est relativement simple. Elle s'inspire de la m\u00e9thode du c\u00e9l\u00e8bre moine b\u00e9n\u00e9dictin, John Main, d\u00e9c\u00e9d\u00e9 en 1982. D\u00e9sireux d'apporter une r\u00e9ponse pratique \u00e0 la qu\u00eate spirituelle de ses contemporains, il proposa une forme de pri\u00e8re simple, d\u00e9pouill\u00e9e, silencieuse, accessible \u00e0 toute personne et\u2026","rel":"","context":"Dans &quot;Actualit\u00e9&quot;","img":{"alt_text":"","src":"https:\/\/i1.wp.com\/jeanpaulsimard.com\/wp-content\/uploads\/2015\/08\/images-24.jpg?resize=350%2C200","width":350,"height":200},"classes":[]},{"id":547,"url":"https:\/\/jeanpaulsimard.com\/index.php\/2015\/07\/22\/le-meilleur-de-soi\/","url_meta":{"origin":2139,"position":3},"title":"Le meilleur de soi","date":"22 juillet 2015","format":false,"excerpt":"J\u2019ai grandi \u00e0 une \u00e9poque o\u00f9 tout l'id\u00e9al humaniste de la vie consistait dans la recherche et l'atteinte de la perfection. C'\u00e9tait l\u2019\u00e9poque du perfectionnisme et des \u00abgrandes \u00e2mes\u00bb. Il fallait \u00eatre parfait en tout, exceller, r\u00e9ussir, sinon nous \u00e9tions des \u00abvauriens\u00bb. Cela se v\u00e9rifiait dans tous les domaines de\u2026","rel":"","context":"Dans &quot;Actualit\u00e9&quot;","img":{"alt_text":"","src":"","width":0,"height":0},"classes":[]},{"id":1983,"url":"https:\/\/jeanpaulsimard.com\/index.php\/2015\/10\/31\/spiritualite-et-guerison-voici-un-beau-temoignage\/","url_meta":{"origin":2139,"position":4},"title":"SPIRITUALIT\u00c9 ET GU\u00c9RISON ?... VOICI UN BEAU T\u00c9MOIGNAGE","date":"31 octobre 2015","format":false,"excerpt":"Voici le commentaire d'une th\u00e9rapeute form\u00e9e et d\u2019exp\u00e9rience. Son point de vue vaut la peine d'\u00eatre partag\u00e9. \u00a0 Elle m'\u00e9crit ceci\u00a0: Votre travail m'a remise en recherche. J\u2019ai \u00e9cout\u00e9 vos interventions vid\u00e9os et celle sur la trousse de secours spirituelle. J'ai donc r\u00e9fl\u00e9chi \u00e0 la foi dans mon accompagnement th\u00e9rapeutique.\u2026","rel":"","context":"Dans &quot;Actualit\u00e9&quot;","img":{"alt_text":"","src":"","width":0,"height":0},"classes":[]},{"id":1197,"url":"https:\/\/jeanpaulsimard.com\/index.php\/2015\/09\/14\/la-sagesse-du-vingt-quatre-heures-a-la-fois\/","url_meta":{"origin":2139,"position":5},"title":"LA SAGESSE DU VINGT-QUATRE-HEURES \u00c0 LA FOIS","date":"14 septembre 2015","format":false,"excerpt":"CARPE DIEM Pourquoi cherches-tu l'impossible en voulant \u00e0 tout prix conna\u00eetre d'avance ce que la vie nous r\u00e9serve \u00e0 toi et \u00e0 moi ? Quoi qu'il puisse nous arriver, la sagesse n'est-elle pas de nous soumettre chacun \u00e0 notre sort ? Que la vie te r\u00e9serve encore bien des hivers\u2026","rel":"","context":"Dans &quot;Actualit\u00e9&quot;","img":{"alt_text":"L\u00c3\u00a2chez prise","src":"https:\/\/i2.wp.com\/jeanpaulsimard.com\/wp-content\/uploads\/2015\/09\/L\u00c3\u00a2chez-prise.jpg?resize=350%2C200","width":350,"height":200},"classes":[]}],"_links":{"self":[{"href":"https:\/\/jeanpaulsimard.com\/index.php\/wp-json\/wp\/v2\/posts\/2139"}],"collection":[{"href":"https:\/\/jeanpaulsimard.com\/index.php\/wp-json\/wp\/v2\/posts"}],"about":[{"href":"https:\/\/jeanpaulsimard.com\/index.php\/wp-json\/wp\/v2\/types\/post"}],"author":[{"embeddable":true,"href":"https:\/\/jeanpaulsimard.com\/index.php\/wp-json\/wp\/v2\/users\/3"}],"replies":[{"embeddable":true,"href":"https:\/\/jeanpaulsimard.com\/index.php\/wp-json\/wp\/v2\/comments?post=2139"}],"version-history":[{"count":13,"href":"https:\/\/jeanpaulsimard.com\/index.php\/wp-json\/wp\/v2\/posts\/2139\/revisions"}],"predecessor-version":[{"id":3011,"href":"https:\/\/jeanpaulsimard.com\/index.php\/wp-json\/wp\/v2\/posts\/2139\/revisions\/3011"}],"wp:attachment":[{"href":"https:\/\/jeanpaulsimard.com\/index.php\/wp-json\/wp\/v2\/media?parent=2139"}],"wp:term":[{"taxonomy":"category","embeddable":true,"href":"https:\/\/jeanpaulsimard.com\/index.php\/wp-json\/wp\/v2\/categories?post=2139"},{"taxonomy":"post_tag","embeddable":true,"href":"https:\/\/jeanpaulsimard.com\/index.php\/wp-json\/wp\/v2\/tags?post=2139"}],"curies":[{"name":"wp","href":"https:\/\/api.w.org\/{rel}","templated":true}]}}