{"id":2056,"date":"2015-11-21T08:56:28","date_gmt":"2015-11-21T13:56:28","guid":{"rendered":"http:\/\/jeanpaulsimard.com\/?p=2056"},"modified":"2016-08-06T08:57:48","modified_gmt":"2016-08-06T12:57:48","slug":"connaissez-vous-la-therapie-du-sens","status":"publish","type":"post","link":"https:\/\/jeanpaulsimard.com\/index.php\/2015\/11\/21\/connaissez-vous-la-therapie-du-sens\/","title":{"rendered":"CONNAISSEZ-VOUS LA TH\u00c9RAPIE DU SENS ?"},"content":{"rendered":"<h2 style=\"text-align: center;\"><span style=\"color: #ff9900;\"><strong><a href=\"https:\/\/i2.wp.com\/jeanpaulsimard.com\/wp-content\/uploads\/2015\/11\/800x533.jpg\"><img loading=\"lazy\" class=\"size-full wp-image-3130 aligncenter\" src=\"https:\/\/i2.wp.com\/jeanpaulsimard.com\/wp-content\/uploads\/2015\/11\/800x533.jpg?resize=654%2C436\" alt=\"800x533\" width=\"654\" height=\"436\" srcset=\"https:\/\/i2.wp.com\/jeanpaulsimard.com\/wp-content\/uploads\/2015\/11\/800x533.jpg?w=800&amp;ssl=1 800w, https:\/\/i2.wp.com\/jeanpaulsimard.com\/wp-content\/uploads\/2015\/11\/800x533.jpg?resize=300%2C200&amp;ssl=1 300w, https:\/\/i2.wp.com\/jeanpaulsimard.com\/wp-content\/uploads\/2015\/11\/800x533.jpg?resize=768%2C512&amp;ssl=1 768w, https:\/\/i2.wp.com\/jeanpaulsimard.com\/wp-content\/uploads\/2015\/11\/800x533.jpg?resize=2%2C1&amp;ssl=1 2w\" sizes=\"(max-width: 654px) 100vw, 654px\" data-recalc-dims=\"1\" \/><\/a><\/strong><\/span><span style=\"color: #ff9900;\"><strong>LE SENS COMME REM\u00c8DE AUX MAUX DE L&rsquo;EXISTENCE<\/strong><\/span><\/h2>\n<h2 style=\"text-align: justify;\"><span style=\"color: #99ccff;\"><strong>LA SANT\u00c9 REQUIERT QUE NOTRE VIE AIT UN SENS.<\/strong> <strong>La capacit\u00e9 de donner un sens aux \u00e9v\u00e9nements est ce qui rend la personne la plus apte \u00e0 faire face aux probl\u00e8mes et aux difficult\u00e9s de la vie. <\/strong><\/span><\/h2>\n<h2 style=\"text-align: justify;\"><span style=\"color: #99ccff;\"><strong>Et ce sens est fortement tributaire des r\u00e9ponses apport\u00e9es aux grandes questions existentielles\u00a0:<\/strong><strong> la vie vaut-elle la peine d&rsquo;\u00eatre v\u00e9cue? A-t-elle une signification? A-t-elle une finalit\u00e9? Combien de souffrances, de maladies, de d\u00e9pressions prennent racine dans l&rsquo;absence de r\u00e9ponses \u00e0 ces questions fondamentales.<\/strong><\/span><\/h2>\n<h2><\/h2>\n<hr \/>\n<h3 style=\"text-align: justify;\"><\/h3>\n<h2><span style=\"color: #ff9900;\"><em><strong>Le sens est un besoin vital<\/strong><\/em><\/span><\/h2>\n<h2 style=\"text-align: justify;\"><span style=\"color: #99ccff;\"><strong>NOUS \u00c9PROUVONS UN BESOIN VISC\u00c9RAL de sens comme nous avons besoin d&rsquo;eau, d&rsquo;air, de lumi\u00e8re, de nourriture. Quand nous ne trouvons pas le sens d&rsquo;une chose, d&rsquo;un \u00e9v\u00e9nement, quand nous ne comprenons pas ce qui nous arrive, nous nous sentons d\u00e9munis, ins\u00e9curis\u00e9s. L&rsquo;angoisse alors s&rsquo;installe et le premier r\u00e9flexe est de paniquer. On veut comprendre pourquoi ? C&rsquo;est bien normal. <\/strong><\/span><\/h2>\n<h2 style=\"text-align: justify;\"><span style=\"color: #99ccff;\"><strong>Toutes les personnes qui \u0153uvrent aupr\u00e8s des malades vous le diront, la question qui revient le plus souvent, consciemment ou inconsciemment, est\u00a0 la suivante: \u00ab\u00a0Quel est le sens de ce qui m&rsquo;arrive ?\u00a0\u00bb Une personne malade disait\u00a0: \u00abTrouver une explication, comprendre comment et, surtout, pourquoi je suis tomb\u00e9e malade. C\u2019est tout ce que je voulais.\u00bb<\/strong><\/span><\/h2>\n<h2 style=\"text-align: justify;\"><span style=\"color: #99ccff;\"><strong>Jocelyne Benoit qui accompagne des malades en phase terminale fait le m\u00eame constat\u00a0: \u00abJ\u2019ai observ\u00e9, dit-elle, que les m\u00eames questions reviennent souvent. Les gens me demandent ce que \u00e7a leur a donn\u00e9 de vivre.\u00bb L&rsquo;importance du sens est corrobor\u00e9e par un psychoth\u00e9rapeute qui affirme\u00a0: \u00ab\u00a0Gu\u00e9rir le client, ce n\u2019est pas lui remplir la t\u00eate de connaissances psychologiques ou biologiques. Le gu\u00e9risseur d\u00e9couvre sa mission quand il donne un sens \u00e0 la maladie<a style=\"color: #99ccff;\" href=\"#_edn1\" name=\"_ednref1\"><strong>[i]<\/strong><\/a>.\u00a0\u00bb<\/strong><\/span><\/h2>\n<p>&nbsp;<\/p>\n<hr \/>\n<h3 style=\"text-align: justify;\"><\/h3>\n<h2><em><span style=\"color: #ff9900;\"><strong>Le sens n&rsquo;est pas l&rsquo;explication <\/strong><\/span><\/em><\/h2>\n<h2 style=\"text-align: justify;\"><span style=\"color: #99ccff;\"><strong>J&rsquo;AI V\u00c9CU UN JOUR un fait qui m&rsquo;a beaucoup interpell\u00e9.\u00a0Il s\u2019agit d\u2019un appel t\u00e9l\u00e9phonique que je re\u00e7us de l&rsquo;un de mes anciens \u00e9l\u00e8ves. Il \u00e9tait angoiss\u00e9. Deux ans auparavant, il avait \u00e9t\u00e9 victime d&rsquo;un accident d&rsquo;automobile pour lequel il n&rsquo;\u00e9tait aucunement responsable. Il s&rsquo;interrogeait sur le destin qui avait \u00e9t\u00e9 si ingrat et si cruel envers lui. Il comprenait son \u00e9tat, car les m\u00e9decins lui avaient tr\u00e8s bien expliqu\u00e9 pourquoi il ne pourrait plus marcher. Ce qu&rsquo;il ne comprenait pas, c&rsquo;\u00e9tait la raison pour laquelle la fatalit\u00e9 s&rsquo;\u00e9tait si malencontreusement immisc\u00e9e dans son destin. Il se demandait pourquoi il \u00e9tait clou\u00e9 \u00e0 un fauteuil roulant, dans la fleur de l&rsquo;\u00e2ge, si loin de ses r\u00eaves et de ses projets d&rsquo;avenir.<\/strong><\/span><\/h2>\n<h2 style=\"text-align: justify;\"><span style=\"color: #99ccff;\"><strong>Je passai quelque temps avec lui, mais je demeurai impuissant \u00e0 le consoler. Je compris cependant, \u00e0 travers cet \u00e9v\u00e9nement, une chose importante: trouver un sens \u00e0 <em>la <\/em>souffrance, \u00e7a va; trouver un sens \u00e0 <em>sa<\/em> souffrance, ce n&rsquo;est pas \u00e9vident. Que r\u00e9pondre, par exemple, \u00e0 la question du pourquoi? \u00abPourquoi moi ?\u00bb. Ou encore: \u00abQu\u2019ai-je fait pour m\u00e9riter cela ?\u00bb. \u00abQuel est le sens de ma souffrance, de ma maladie ?\u00bb. \u00abPourquoi est-ce que je souffre ? Les autres marchent, pourquoi est-ce que je suis immobilis\u00e9 ? Les autres rient, courent, travaillent, jouissent de la vie, accomplissent leur carri\u00e8re. Qu&rsquo;est-ce qui m&rsquo;est arriv\u00e9 ?\u00bb.<\/strong><\/span><\/h2>\n<p>&nbsp;<\/p>\n<hr \/>\n<h3 style=\"text-align: justify;\"><\/h3>\n<h2><em><span style=\"color: #ff9900;\"><strong>La m\u00e9decine s&rsquo;occupe du \u00abcomment\u00bb mais pas du \u00abpourquoi\u00bb<\/strong><\/span><\/em><\/h2>\n<h2 style=\"text-align: justify;\"><span style=\"color: #99ccff;\"><strong>LE PSYCHANALYSTE TOBIE NATHAN constate qu&rsquo;un m\u00e9decin, \u00e0 la question \u00abPourquoi ai-je mal?\u00bb peut r\u00e9pondre par quelque chose du genre \u00abParce que vous avez une fracture \u00e0 la jambe!\u00bb Mais il ne peut jamais r\u00e9pondre \u00e0 des questions du genre \u00abPourquoi est-ce moi qui suis tomb\u00e9 de l&rsquo;arbre et non mon fr\u00e8re, ou mon cousin?\u00bb \u00abPourquoi suis-je tomb\u00e9 de l&rsquo;arbre pr\u00e9cis\u00e9ment ce jour-l\u00e0?\u00bb Il est difficile de r\u00e9pondre \u00e0 ces questions parce qu&rsquo;elles invitent \u00e0 construire un sens.<\/strong><\/span><\/h2>\n<h2 style=\"text-align: justify;\"><span style=\"color: #99ccff;\"><strong>Sylvie Lafrenaye, p\u00e9diatre sp\u00e9cialis\u00e9e en soins intensifs, doit r\u00e9guli\u00e8rement faire face \u00e0 ces questionnements. Elle avoue\u00a0: \u00ab En m\u00e9decine et en science, on est excellents dans le \u00ab comment \u00bb. Comment c\u2019est arriv\u00e9, comment \u00e7a se fait que l\u2019antibiotique ne fonctionne pas\u2026 Mais on n\u2019a pas de r\u00e9ponse au \u00ab pourquoi \u00bb, alors on l\u2019\u00e9lude, explique-t-elle. \u00bb<\/strong><\/span><\/h2>\n<h2 style=\"text-align: justify;\"><span style=\"color: #99ccff;\"><strong><em>Jean-Paul Simard<\/em><\/strong><\/span><\/h2>\n<p>&nbsp;<\/p>\n<hr \/>\n<h2 style=\"text-align: justify;\"><span style=\"color: #ff6600;\">\u00a0POUR EN SAVOIR PLUS :<\/span><\/h2>\n<h2><em><span style=\"color: #ff9900;\"><a style=\"color: #ff9900;\" href=\"http:\/\/jeanpaulsimard.com\/index.php\/sample-page\/lautre-voie-de-guerison\/\">http:\/\/jeanpaulsimard.com\/index.php\/sample-page\/lautre-voie-de-guerison\/<\/a><\/span><\/em><\/h2>\n<h2 style=\"text-align: justify;\"><span style=\"color: #ff9900;\"><strong>Suivez-moi sur TWITTER\u00a0: @jeanpaulsim<\/strong><\/span><\/h2>\n<h2 style=\"text-align: justify;\"><span style=\"color: #ffcc00;\"><strong><em>Cet article vous a plu ? Abonnez-vous \u00e0 mon BLOGUE\u2026 et au besoin partagez-le\u2026<br \/>\n<\/em><\/strong><strong>(Abonnez-vous au bas de la page en laissant votre adresse courriel)<\/strong><\/span><\/h2>\n<h2><span style=\"color: #ffcc00;\"><strong>\u00a0<img loading=\"lazy\" class=\"aligncenter\" src=\"https:\/\/i0.wp.com\/jeanpaulsimard.com\/wp\/wp-content\/uploads\/2015\/07\/colombe-300x143.png?resize=445%2C212\" alt=\"\" width=\"445\" height=\"212\" data-recalc-dims=\"1\" \/><\/strong><\/span><\/h2>\n<p><a href=\"#_ednref1\" name=\"_edn1\">[i]<\/a> Les t\u00e9moignages des personnes que nous donnons ici sont extraits de la revue \u00ab\u00a0Spiritualit\u00e9 sant\u00e9\u00bb, \u00ab\u00a0Le gu\u00e9risseur bless\u00e9\u00a0\u00bb, vol. 1, no 1, automne 2008, p. 28-29.<\/p>\n<div class=\"sharedaddy sd-sharing-enabled\"><div class=\"robots-nocontent sd-block sd-social sd-social-icon-text sd-sharing\"><h3 class=\"sd-title\">Partager\u00a0:<\/h3><div class=\"sd-content\"><ul><li class=\"share-facebook\"><a rel=\"nofollow noopener noreferrer\" data-shared=\"sharing-facebook-2056\" class=\"share-facebook sd-button share-icon\" href=\"https:\/\/jeanpaulsimard.com\/index.php\/2015\/11\/21\/connaissez-vous-la-therapie-du-sens\/?share=facebook\" target=\"_blank\" title=\"Cliquez pour partager sur Facebook\"><span>Facebook<\/span><\/a><\/li><li class=\"share-twitter\"><a rel=\"nofollow noopener noreferrer\" data-shared=\"sharing-twitter-2056\" class=\"share-twitter sd-button share-icon\" href=\"https:\/\/jeanpaulsimard.com\/index.php\/2015\/11\/21\/connaissez-vous-la-therapie-du-sens\/?share=twitter\" target=\"_blank\" title=\"Cliquez pour partager sur Twitter\"><span>Twitter<\/span><\/a><\/li><li class=\"share-linkedin\"><a rel=\"nofollow noopener noreferrer\" data-shared=\"sharing-linkedin-2056\" class=\"share-linkedin sd-button share-icon\" href=\"https:\/\/jeanpaulsimard.com\/index.php\/2015\/11\/21\/connaissez-vous-la-therapie-du-sens\/?share=linkedin\" target=\"_blank\" title=\"Cliquez pour partager sur LinkedIn\"><span>LinkedIn<\/span><\/a><\/li><li class=\"share-pinterest\"><a rel=\"nofollow noopener noreferrer\" data-shared=\"sharing-pinterest-2056\" class=\"share-pinterest sd-button share-icon\" href=\"https:\/\/jeanpaulsimard.com\/index.php\/2015\/11\/21\/connaissez-vous-la-therapie-du-sens\/?share=pinterest\" target=\"_blank\" title=\"Cliquez pour partager sur Pinterest\"><span>Pinterest<\/span><\/a><\/li><li class=\"share-email\"><a rel=\"nofollow noopener noreferrer\" data-shared=\"\" class=\"share-email sd-button share-icon\" href=\"https:\/\/jeanpaulsimard.com\/index.php\/2015\/11\/21\/connaissez-vous-la-therapie-du-sens\/?share=email\" target=\"_blank\" title=\"Cliquez pour envoyer par e-mail \u00e0 un ami\"><span>E-mail<\/span><\/a><\/li><li class=\"share-print\"><a rel=\"nofollow noopener noreferrer\" data-shared=\"\" class=\"share-print sd-button share-icon\" href=\"https:\/\/jeanpaulsimard.com\/index.php\/2015\/11\/21\/connaissez-vous-la-therapie-du-sens\/\" target=\"_blank\" title=\"Cliquer pour imprimer\"><span>Imprimer<\/span><\/a><\/li><li class=\"share-end\"><\/li><\/ul><\/div><\/div><\/div>","protected":false},"excerpt":{"rendered":"<p>LE SENS COMME REM\u00c8DE AUX MAUX DE L&rsquo;EXISTENCE LA SANT\u00c9 REQUIERT QUE NOTRE VIE AIT UN SENS. La capacit\u00e9 de donner un sens aux \u00e9v\u00e9nements est ce qui rend la personne la plus apte \u00e0 faire face aux probl\u00e8mes et aux difficult\u00e9s de la vie. Et ce sens est fortement tributaire des r\u00e9ponses apport\u00e9es aux [&hellip;]<\/p>\n<div class=\"sharedaddy sd-sharing-enabled\"><div class=\"robots-nocontent sd-block sd-social sd-social-icon-text sd-sharing\"><h3 class=\"sd-title\">Partager\u00a0:<\/h3><div class=\"sd-content\"><ul><li class=\"share-facebook\"><a rel=\"nofollow noopener noreferrer\" data-shared=\"sharing-facebook-2056\" class=\"share-facebook sd-button share-icon\" href=\"https:\/\/jeanpaulsimard.com\/index.php\/2015\/11\/21\/connaissez-vous-la-therapie-du-sens\/?share=facebook\" target=\"_blank\" title=\"Cliquez pour partager sur Facebook\"><span>Facebook<\/span><\/a><\/li><li class=\"share-twitter\"><a rel=\"nofollow noopener noreferrer\" data-shared=\"sharing-twitter-2056\" class=\"share-twitter sd-button share-icon\" href=\"https:\/\/jeanpaulsimard.com\/index.php\/2015\/11\/21\/connaissez-vous-la-therapie-du-sens\/?share=twitter\" target=\"_blank\" title=\"Cliquez pour partager sur Twitter\"><span>Twitter<\/span><\/a><\/li><li class=\"share-linkedin\"><a rel=\"nofollow noopener noreferrer\" data-shared=\"sharing-linkedin-2056\" class=\"share-linkedin sd-button share-icon\" href=\"https:\/\/jeanpaulsimard.com\/index.php\/2015\/11\/21\/connaissez-vous-la-therapie-du-sens\/?share=linkedin\" target=\"_blank\" title=\"Cliquez pour partager sur LinkedIn\"><span>LinkedIn<\/span><\/a><\/li><li class=\"share-pinterest\"><a rel=\"nofollow noopener noreferrer\" data-shared=\"sharing-pinterest-2056\" class=\"share-pinterest sd-button share-icon\" href=\"https:\/\/jeanpaulsimard.com\/index.php\/2015\/11\/21\/connaissez-vous-la-therapie-du-sens\/?share=pinterest\" target=\"_blank\" title=\"Cliquez pour partager sur Pinterest\"><span>Pinterest<\/span><\/a><\/li><li class=\"share-email\"><a rel=\"nofollow noopener noreferrer\" data-shared=\"\" class=\"share-email sd-button share-icon\" href=\"https:\/\/jeanpaulsimard.com\/index.php\/2015\/11\/21\/connaissez-vous-la-therapie-du-sens\/?share=email\" target=\"_blank\" title=\"Cliquez pour envoyer par e-mail \u00e0 un ami\"><span>E-mail<\/span><\/a><\/li><li class=\"share-print\"><a rel=\"nofollow noopener noreferrer\" data-shared=\"\" class=\"share-print sd-button share-icon\" href=\"https:\/\/jeanpaulsimard.com\/index.php\/2015\/11\/21\/connaissez-vous-la-therapie-du-sens\/\" target=\"_blank\" title=\"Cliquer pour imprimer\"><span>Imprimer<\/span><\/a><\/li><li class=\"share-end\"><\/li><\/ul><\/div><\/div><\/div>","protected":false},"author":3,"featured_media":0,"comment_status":"open","ping_status":"open","sticky":false,"template":"","format":"standard","meta":{"spay_email":"","jetpack_publicize_message":"","jetpack_is_tweetstorm":false},"categories":[24,60,55,56,59,58,20,52,25,48,65,64,47,61,53,57,46,54,63,43,44,27,51,62,2,49,45,50],"tags":[],"jetpack_featured_media_url":"","jetpack_publicize_connections":[],"jetpack_sharing_enabled":true,"jetpack_shortlink":"https:\/\/wp.me\/p6sIY6-xa","jetpack-related-posts":[{"id":1,"url":"https:\/\/jeanpaulsimard.com\/index.php\/2015\/07\/11\/hello-world\/","url_meta":{"origin":2056,"position":0},"title":"Le sens spirituel de la vie","date":"11 juillet 2015","format":false,"excerpt":"\u00a0 \u00a0 \u00abQuand nous avons donn\u00e9 \u00e0 un autre homme l'acc\u00e8s du monde spirituel, nous lui avons tout donn\u00e9. Nous ne pouvons plus rien pour lui.\u00bb \u00a0(Louis Lavelle) La nouvelle qu\u00eate spirituelle exprime le besoin d\u2019un retour \u00e0 l\u2019essentiel. Une femme dans la quarantaine\u00a0me faisait un jour cette confidence\u00a0: \u00abJ\u2019ai\u2026","rel":"","context":"Dans &quot;Actualit\u00e9&quot;","img":{"alt_text":"","src":"https:\/\/i1.wp.com\/jeanpaulsimard.com\/wp-content\/uploads\/2015\/07\/cette-force-site-2.png?resize=350%2C200","width":350,"height":200},"classes":[]},{"id":517,"url":"https:\/\/jeanpaulsimard.com\/index.php\/2015\/07\/22\/la-magie-de-la-vie\/","url_meta":{"origin":2056,"position":1},"title":"La magie de la vie","date":"22 juillet 2015","format":false,"excerpt":"ON PARLE SOUVENT DE LA MAGIE DE LA VIE. On la per\u00e7oit volontiers comme une sorte d'\u00e9clair venant illuminer le ciel de notre vie, au moment o\u00f9 l'on en a besoin. Particuli\u00e8rement dans ces moments de grande lassitude ou de morosit\u00e9. Mais le plus souvent, nous nous retrouvons dans l'attente\u2026","rel":"","context":"Dans &quot;Actualit\u00e9&quot;","img":{"alt_text":"","src":"","width":0,"height":0},"classes":[]},{"id":2139,"url":"https:\/\/jeanpaulsimard.com\/index.php\/2015\/12\/12\/aime-la-vie-et-la-vie-taimera\/","url_meta":{"origin":2056,"position":2},"title":"AIME LA VIE ET LA VIE T'AIMERA","date":"12 d\u00e9cembre 2015","format":false,"excerpt":"\u00c0 LIRE DANS LES MOMENTS D'\u00c9PREUVES J'extrais le passage suivant d\u2019un livre magnifique intitul\u00e9 Maria, Les fleurs d'amandier. Un livre de l'\u00e9crivaine espagnole Maria Ostenero-Leon. Cette femme vient de passer \u00e0 travers une tr\u00e8s grande \u00e9preuve. S'ouvre alors devant elle un horizon de sens et d\u2019espoir. Elle l\u2019exprime \u00e0 travers\u2026","rel":"","context":"Dans &quot;Actualit\u00e9&quot;","img":{"alt_text":"","src":"","width":0,"height":0},"classes":[]},{"id":1963,"url":"https:\/\/jeanpaulsimard.com\/index.php\/2015\/10\/28\/la-spiritualite-peut-elle-aider-a-guerir\/","url_meta":{"origin":2056,"position":3},"title":"LA SPIRITUALIT\u00c9 PEUT-ELLE AIDER \u00c0 GU\u00c9RIR ?","date":"28 octobre 2015","format":false,"excerpt":"\u00a0 LA M\u00c9DECINE SE POSE DE PLUS EN PLUS DE QUESTIONS sur la spiritualit\u00e9. Certains m\u00e9decins commencent \u00e0 s\u2019interroger sur la fa\u00e7on d\u2019int\u00e9grer la spiritualit\u00e9 \u00e0 leur pratique m\u00e9dicale. \u00a0 DANS UNE\u00a0\u00c9MISSION\u00a0T\u00c9L\u00c9VIS\u00c9E, un neurologue affirmait que la premi\u00e8re question qu\u2019il\u00a0posait \u00e0 ses patients \u00e9tait\u00a0: \u00abAvez-vous la foi ?\u00bb ou \u00ab\u00cates-vous\u2026","rel":"","context":"Dans &quot;Actualit\u00e9&quot;","img":{"alt_text":"guerir_simard (1) 470x263","src":"https:\/\/i1.wp.com\/jeanpaulsimard.com\/wp-content\/uploads\/2015\/10\/guerir_simard-1-470x263.jpg?resize=350%2C200","width":350,"height":200},"classes":[]},{"id":2218,"url":"https:\/\/jeanpaulsimard.com\/index.php\/2015\/12\/31\/a-vos-souhaits-2016\/","url_meta":{"origin":2056,"position":4},"title":"\u00c0 VOS SOUHAITS 2016 !","date":"31 d\u00e9cembre 2015","format":false,"excerpt":"DANS LA PANOPLIE DES SOUHAITS que l'on peut faire en ce d\u00e9but d'ann\u00e9e, y en a-t-il un de plus beau, de plus pertinent que celui de rena\u00eetre\u00a0? POUR PLUSIEURS, renaissance \u00e9voque un ph\u00e9nom\u00e8ne bien particulier\u00a0: celui de la r\u00e9incarnation. L\u00e0-dessus, pr\u00e9cisons tout de suite que le souhait que je formule\u2026","rel":"","context":"Dans &quot;Actualit\u00e9&quot;","img":{"alt_text":"B. Monginoux www.photo-paysage.com Image sous licence Creative Commons BY-NC-ND : Rappel de l'origine de l'image. Usage non commercial. Pas de modification","src":"https:\/\/i1.wp.com\/jeanpaulsimard.com\/wp-content\/uploads\/2015\/12\/fleurs.jpg?resize=350%2C200","width":350,"height":200},"classes":[]},{"id":1983,"url":"https:\/\/jeanpaulsimard.com\/index.php\/2015\/10\/31\/spiritualite-et-guerison-voici-un-beau-temoignage\/","url_meta":{"origin":2056,"position":5},"title":"SPIRITUALIT\u00c9 ET GU\u00c9RISON ?... VOICI UN BEAU T\u00c9MOIGNAGE","date":"31 octobre 2015","format":false,"excerpt":"Voici le commentaire d'une th\u00e9rapeute form\u00e9e et d\u2019exp\u00e9rience. Son point de vue vaut la peine d'\u00eatre partag\u00e9. \u00a0 Elle m'\u00e9crit ceci\u00a0: Votre travail m'a remise en recherche. J\u2019ai \u00e9cout\u00e9 vos interventions vid\u00e9os et celle sur la trousse de secours spirituelle. J'ai donc r\u00e9fl\u00e9chi \u00e0 la foi dans mon accompagnement th\u00e9rapeutique.\u2026","rel":"","context":"Dans &quot;Actualit\u00e9&quot;","img":{"alt_text":"","src":"","width":0,"height":0},"classes":[]}],"_links":{"self":[{"href":"https:\/\/jeanpaulsimard.com\/index.php\/wp-json\/wp\/v2\/posts\/2056"}],"collection":[{"href":"https:\/\/jeanpaulsimard.com\/index.php\/wp-json\/wp\/v2\/posts"}],"about":[{"href":"https:\/\/jeanpaulsimard.com\/index.php\/wp-json\/wp\/v2\/types\/post"}],"author":[{"embeddable":true,"href":"https:\/\/jeanpaulsimard.com\/index.php\/wp-json\/wp\/v2\/users\/3"}],"replies":[{"embeddable":true,"href":"https:\/\/jeanpaulsimard.com\/index.php\/wp-json\/wp\/v2\/comments?post=2056"}],"version-history":[{"count":23,"href":"https:\/\/jeanpaulsimard.com\/index.php\/wp-json\/wp\/v2\/posts\/2056\/revisions"}],"predecessor-version":[{"id":3131,"href":"https:\/\/jeanpaulsimard.com\/index.php\/wp-json\/wp\/v2\/posts\/2056\/revisions\/3131"}],"wp:attachment":[{"href":"https:\/\/jeanpaulsimard.com\/index.php\/wp-json\/wp\/v2\/media?parent=2056"}],"wp:term":[{"taxonomy":"category","embeddable":true,"href":"https:\/\/jeanpaulsimard.com\/index.php\/wp-json\/wp\/v2\/categories?post=2056"},{"taxonomy":"post_tag","embeddable":true,"href":"https:\/\/jeanpaulsimard.com\/index.php\/wp-json\/wp\/v2\/tags?post=2056"}],"curies":[{"name":"wp","href":"https:\/\/api.w.org\/{rel}","templated":true}]}}