{"id":2017,"date":"2015-11-07T09:03:52","date_gmt":"2015-11-07T14:03:52","guid":{"rendered":"http:\/\/jeanpaulsimard.com\/?p=2017"},"modified":"2016-10-24T12:58:37","modified_gmt":"2016-10-24T16:58:37","slug":"dieu-nous-ecoute-t-il-quand-on-prie-2","status":"publish","type":"post","link":"https:\/\/jeanpaulsimard.com\/index.php\/2015\/11\/07\/dieu-nous-ecoute-t-il-quand-on-prie-2\/","title":{"rendered":"DIEU NOUS \u00c9COUTE-T-IL QUAND ON PRIE ?"},"content":{"rendered":"<h2 style=\"text-align: justify;\"><strong><span style=\"color: #ffcc99;\"><a href=\"https:\/\/i0.wp.com\/jeanpaulsimard.com\/wp-content\/uploads\/2015\/11\/6221-perce-du-soleil-WallFizz.jpg\" rel=\"attachment wp-att-2267\"><img loading=\"lazy\" class=\"size-large wp-image-2267 aligncenter\" src=\"https:\/\/i0.wp.com\/jeanpaulsimard.com\/wp-content\/uploads\/2015\/11\/6221-perce-du-soleil-WallFizz.jpg?resize=654%2C368\" alt=\"6221-perce-du-soleil-WallFizz\" width=\"654\" height=\"368\" srcset=\"https:\/\/i0.wp.com\/jeanpaulsimard.com\/wp-content\/uploads\/2015\/11\/6221-perce-du-soleil-WallFizz.jpg?resize=1024%2C576&amp;ssl=1 1024w, https:\/\/i0.wp.com\/jeanpaulsimard.com\/wp-content\/uploads\/2015\/11\/6221-perce-du-soleil-WallFizz.jpg?resize=300%2C169&amp;ssl=1 300w, https:\/\/i0.wp.com\/jeanpaulsimard.com\/wp-content\/uploads\/2015\/11\/6221-perce-du-soleil-WallFizz.jpg?resize=768%2C432&amp;ssl=1 768w, https:\/\/i0.wp.com\/jeanpaulsimard.com\/wp-content\/uploads\/2015\/11\/6221-perce-du-soleil-WallFizz.jpg?resize=2%2C1&amp;ssl=1 2w, https:\/\/i0.wp.com\/jeanpaulsimard.com\/wp-content\/uploads\/2015\/11\/6221-perce-du-soleil-WallFizz.jpg?w=1920&amp;ssl=1 1920w, https:\/\/i0.wp.com\/jeanpaulsimard.com\/wp-content\/uploads\/2015\/11\/6221-perce-du-soleil-WallFizz.jpg?w=1308 1308w\" sizes=\"(max-width: 654px) 100vw, 654px\" data-recalc-dims=\"1\" \/><\/a>Combien se posent la question\u00a0: \u00ab QUAND JE PRIE, DIEU M&rsquo;\u00c9COUTE-T-IL VRAIMENT ? \u00bb ou \u00ab\u00c9COUTE-T-IL NOS PRI\u00c8RES? \u00bb. Pour r\u00e9pondre \u00e0 la question, il faut comprendre la P\u00c9DAGOGIE\u00a0DIVINE.<\/span><\/strong><\/h2>\n<p>&nbsp;<\/p>\n<hr \/>\n<p>&nbsp;<\/p>\n<h2 style=\"text-align: justify;\"><span style=\"color: #99ccff;\"><strong>QUAND VOUS PRIEZ, consid\u00e9rez votre pri\u00e8re comme une graine que vous semez. \u00a0Il faut qu\u2019elle croisse. Quant \u00e0 savoir o\u00f9, quand, et comment tout cela se fera, c\u2019est l\u2019affaire de Dieu. Votre r\u00f4le est de demander ce qu\u2019il vous faut. Tout le reste, les d\u00e9tails, concernent Dieu. Remplissez fid\u00e8lement votre r\u00f4le de priant, et laissez le reste \u00e0 Dieu en ayant foi en lui. Demandez, tournez-vous vers Dieu pour vos besoins, et ensuite attendez de lui les r\u00e9sultats. Pendant ce temps, remerciez-le constamment de ce que le travail se fait. R\u00e9pandez-vous en b\u00e9n\u00e9dictions, m\u00eame si vous ne voyez rien se produire. Souvenez-vous qu\u2019il n\u2019y a pas de limite \u00e0 la puissance de Dieu. Tout est possible! Croyez-moi, votre foi aura sa r\u00e9compense et prier de cette fa\u00e7on ne vous d\u00e9cevra pas.<\/strong><\/span><\/h2>\n<h2><\/h2>\n<hr \/>\n<h3 style=\"text-align: justify;\"><\/h3>\n<h2 style=\"text-align: justify;\"><span style=\"color: #99ccff;\"><strong>\u00a0LE SIGNE LE PLUS S\u00dbR que notre pri\u00e8re est authentique et que Dieu nous \u00e9coute, c\u2019est pr\u00e9cis\u00e9ment la pers\u00e9v\u00e9rance dans la pri\u00e8re: accepter de <em>durer<\/em> dans la supplication, malgr\u00e9 que la r\u00e9ponse tarde \u00e0 venir. Accepter d\u2019\u00eatre comme un mendiant devant Dieu. Cette attitude d\u2019humilit\u00e9 touche assur\u00e9ment le c\u0153ur de Dieu. <\/strong><\/span><\/h2>\n<h2 style=\"text-align: justify;\"><span style=\"color: #99ccff;\"><strong>\u00a0\u00c0 la lumi\u00e8re de ce que nous venons dire, voici dans quelles dispositions il faut prier Dieu:<\/strong><\/span><\/h2>\n<h2 style=\"text-align: justify;\"><span style=\"color: #99ccff;\"><strong>Se rappeler que Dieu a le pouvoir de gu\u00e9rir toute maladie et enlever toute souffrance.<\/strong><\/span><\/h2>\n<h2 style=\"text-align: justify;\"><span style=\"color: #99ccff;\"><strong>Accepter de ne pas prier pour notre seule gu\u00e9rison, mais pour demander la force d\u2019assumer notre \u00e9preuve;\u00a0 voil\u00e0 la vraie gu\u00e9rison \u00e0 obtenir, voil\u00e0 le vrai miracle \u00e0 demander \u00e0 Dieu.<\/strong><\/span><\/h2>\n<h2 style=\"text-align: justify;\"><span style=\"color: #99ccff;\"><strong>CROIRE FERMEMENT qu\u2019on ne prie jamais en vain et que toute pri\u00e8re est exauc\u00e9e, m\u00eame si ce n\u2019est pas toujours de la fa\u00e7on \u00e0 laquelle nous nous y attendions.<\/strong><\/span><\/h2>\n<h2 style=\"text-align: justify;\"><span style=\"color: #99ccff;\"><strong>Croire que Dieu sait mieux que nous ce qu\u2019il nous faut. Il sait ce qui est le meilleur pour nous. Il faut donc lui faire totalement confiance.<\/strong><\/span><\/h2>\n<h2><span style=\"color: #99ccff;\"><strong>Comprendre que Dieu, en bon p\u00e8re, n\u2019accorde jamais quelque chose qui pourrait nous nuire.<\/strong><\/span><\/h2>\n<h2><span style=\"color: #99ccff;\"><strong>Savoir que Dieu peut d\u00e9cider de nous laisser vivre une exp\u00e9rience diff\u00e9rente de ce que nous esp\u00e9rions, de fa\u00e7on \u00e0 nous faire grandir dans l\u2019\u00e9preuve.<\/strong><\/span><\/h2>\n<h2><span style=\"color: #99ccff;\"><strong>Demander \u00e0 Dieu la gr\u00e2ce de reconna\u00eetre le cadeau d\u2019apprentissage de la vie que rec\u00e8le l\u2019\u00e9preuve qui nous semble difficile \u00e0 accepter.<\/strong><\/span><\/h2>\n<h2 style=\"text-align: justify;\"><span style=\"color: #99ccff;\"><strong>Quand nous prions dans ces dispositions, il arrive tr\u00e8s souvent que Dieu nous accorde ce que nous demandons. J\u2019en ai fait moi-m\u00eame l&rsquo;exp\u00e9rience \u00e0 plusieurs reprises\u2026<\/strong><\/span><\/h2>\n<h2 style=\"text-align: justify;\"><span style=\"color: #99ccff;\"><strong><em>Jean-Paul Simard<\/em><\/strong><\/span><\/h2>\n<h2><\/h2>\n<h2><span style=\"color: #ffcc00;\"><strong>Ce texte est extrait du livre suivant\u00a0:<\/strong><\/span><\/h2>\n<h2><span style=\"color: #ff9900;\"><a style=\"color: #ff9900;\" href=\"http:\/\/jeanpaulsimard.com\/index.php\/sample-page\/que-faire-quand-la-souffrance-et-la-maladie-frappent-a-notre-porte\/\"><strong><em>http:\/\/jeanpaulsimard.com\/index.php\/sample-page\/que-faire-quand-la-souffrance-et-la-maladie-frappent-a-notre-porte\/<\/em><\/strong><\/a><\/span><\/h2>\n<h2><\/h2>\n<hr \/>\n<h2><\/h2>\n<h2><span style=\"color: #99ccff;\"><strong><em>\u00a0<\/em><\/strong><\/span><span style=\"color: #00ff00;\"><strong>LECTURES SUGG\u00c9R\u00c9ES\u00a0:<\/strong><\/span><\/h2>\n<h2><span style=\"color: #ff6600;\"><a style=\"color: #ff6600;\" href=\"http:\/\/jeanpaulsimard.com\/index.php\/2015\/10\/28\/la-spiritualite-peut-elle-aider-a-guerir\/\"><strong><em>http:\/\/jeanpaulsimard.com\/index.php\/2015\/10\/28\/la-spiritualite-peut-elle-aider-a-guerir\/<\/em><\/strong><\/a><\/span><\/h2>\n<h2><span style=\"color: #ff9900;\"><a style=\"color: #ff9900;\" href=\"http:\/\/jeanpaulsimard.com\/index.php\/2015\/10\/31\/spiritualite-et-guerison-voici-un-beau-temoignage\/\"><strong><em>http:\/\/jeanpaulsimard.com\/index.php\/2015\/10\/31\/spiritualite-et-guerison-voici-un-beau-temoignage\/<\/em><\/strong><\/a><\/span><\/h2>\n<h2><span style=\"color: #ffcc00;\"><a style=\"color: #ffcc00;\" href=\"http:\/\/jeanpaulsimard.com\/index.php\/2015\/09\/27\/dieu-peut-il-nous-guerir-dune-maladie-2\"><strong><em>http:\/\/jeanpaulsimard.com\/index.php\/2015\/09\/27\/dieu-peut-il-nous-guerir-dune-maladie-2<\/em><\/strong><\/a><\/span><\/h2>\n<h2><span style=\"color: #ffcc99;\"><strong><em><a style=\"color: #ffcc99;\" href=\"http:\/\/jeanpaulsimard.com\/index.php\/sample-page\/guerir-par-la-foi-lamour-la-priere\/\">http:\/\/jeanpaulsimard.com\/index.php\/sample-page\/guerir-par-la-foi-lamour-la-priere\/<\/a><\/em><\/strong><\/span><\/h2>\n<p>&nbsp;<\/p>\n<h2><span style=\"color: #00ff00;\">UN OUVRAGE COMPLET SUR DIEU :<\/span><\/h2>\n<h3><span style=\"color: #99ccff;\">(Cliquez sur le lien qui accompagne l&rsquo;image)<\/span><\/h3>\n<h2><span style=\"color: #00ff00;\"><a href=\"https:\/\/i1.wp.com\/jeanpaulsimard.com\/wp-content\/uploads\/2016\/03\/renouer_simard-470x263-2.jpg\"><img loading=\"lazy\" class=\"size-full wp-image-2797 alignleft\" src=\"https:\/\/i1.wp.com\/jeanpaulsimard.com\/wp-content\/uploads\/2016\/03\/renouer_simard-470x263-2.jpg?resize=470%2C263\" alt=\"renouer_simard 470x263\" width=\"470\" height=\"263\" srcset=\"https:\/\/i1.wp.com\/jeanpaulsimard.com\/wp-content\/uploads\/2016\/03\/renouer_simard-470x263-2.jpg?w=470&amp;ssl=1 470w, https:\/\/i1.wp.com\/jeanpaulsimard.com\/wp-content\/uploads\/2016\/03\/renouer_simard-470x263-2.jpg?resize=300%2C168&amp;ssl=1 300w, https:\/\/i1.wp.com\/jeanpaulsimard.com\/wp-content\/uploads\/2016\/03\/renouer_simard-470x263-2.jpg?resize=2%2C1&amp;ssl=1 2w\" sizes=\"(max-width: 470px) 100vw, 470px\" data-recalc-dims=\"1\" \/><\/a><\/span><\/h2>\n<h2><\/h2>\n<h2><\/h2>\n<h2><span style=\"color: #99cc00;\"><a style=\"color: #99cc00;\" href=\"http:\/\/jeanpaulsimard.com\/index.php\/sample-page\/renouer-avec-dieu\/\"><strong><em>http:\/\/jeanpaulsimard.com\/index.php\/sample-page\/renouer-avec-dieu\/<\/em><\/strong><\/a><\/span><\/h2>\n<p>&nbsp;<\/p>\n<p>&nbsp;<\/p>\n<p>&nbsp;<\/p>\n<h2><\/h2>\n<hr \/>\n<h2><span style=\"color: #00ff00;\">\u00a0<\/span><span style=\"color: #00ff00;\"><strong>Suivez-moi sur TWITTER\u00a0: @jeanpaulsim<\/strong><\/span><\/h2>\n<h2><span style=\"color: #00ffff;\"><strong><em>Cet article vous a plu ? Abonnez-vous \u00e0 mon BLOGUE\u2026 et au besoin partagez-le\u2026<br \/>\n<\/em><\/strong><strong>(Abonnez-vous au bas de la page en laissant votre adresse courriel\u2026)<\/strong><\/span><\/h2>\n<h2><\/h2>\n<h2><span style=\"color: #00ffff;\"><strong> <img class=\"aligncenter\" src=\"https:\/\/i0.wp.com\/jeanpaulsimard.com\/wp\/wp-content\/uploads\/2015\/07\/colombe-300x143.png?resize=300%2C143\" alt=\"\" data-recalc-dims=\"1\" \/><\/strong><\/span><\/h2>\n<div class=\"sharedaddy sd-sharing-enabled\"><div class=\"robots-nocontent sd-block sd-social sd-social-icon-text sd-sharing\"><h3 class=\"sd-title\">Partager\u00a0:<\/h3><div class=\"sd-content\"><ul><li class=\"share-facebook\"><a rel=\"nofollow noopener noreferrer\" data-shared=\"sharing-facebook-2017\" class=\"share-facebook sd-button share-icon\" href=\"https:\/\/jeanpaulsimard.com\/index.php\/2015\/11\/07\/dieu-nous-ecoute-t-il-quand-on-prie-2\/?share=facebook\" target=\"_blank\" title=\"Cliquez pour partager sur Facebook\"><span>Facebook<\/span><\/a><\/li><li class=\"share-twitter\"><a rel=\"nofollow noopener noreferrer\" data-shared=\"sharing-twitter-2017\" class=\"share-twitter sd-button share-icon\" href=\"https:\/\/jeanpaulsimard.com\/index.php\/2015\/11\/07\/dieu-nous-ecoute-t-il-quand-on-prie-2\/?share=twitter\" target=\"_blank\" title=\"Cliquez pour partager sur Twitter\"><span>Twitter<\/span><\/a><\/li><li class=\"share-linkedin\"><a rel=\"nofollow noopener noreferrer\" data-shared=\"sharing-linkedin-2017\" class=\"share-linkedin sd-button share-icon\" href=\"https:\/\/jeanpaulsimard.com\/index.php\/2015\/11\/07\/dieu-nous-ecoute-t-il-quand-on-prie-2\/?share=linkedin\" target=\"_blank\" title=\"Cliquez pour partager sur LinkedIn\"><span>LinkedIn<\/span><\/a><\/li><li class=\"share-pinterest\"><a rel=\"nofollow noopener noreferrer\" data-shared=\"sharing-pinterest-2017\" class=\"share-pinterest sd-button share-icon\" href=\"https:\/\/jeanpaulsimard.com\/index.php\/2015\/11\/07\/dieu-nous-ecoute-t-il-quand-on-prie-2\/?share=pinterest\" target=\"_blank\" title=\"Cliquez pour partager sur Pinterest\"><span>Pinterest<\/span><\/a><\/li><li class=\"share-email\"><a rel=\"nofollow noopener noreferrer\" data-shared=\"\" class=\"share-email sd-button share-icon\" href=\"https:\/\/jeanpaulsimard.com\/index.php\/2015\/11\/07\/dieu-nous-ecoute-t-il-quand-on-prie-2\/?share=email\" target=\"_blank\" title=\"Cliquez pour envoyer par e-mail \u00e0 un ami\"><span>E-mail<\/span><\/a><\/li><li class=\"share-print\"><a rel=\"nofollow noopener noreferrer\" data-shared=\"\" class=\"share-print sd-button share-icon\" href=\"https:\/\/jeanpaulsimard.com\/index.php\/2015\/11\/07\/dieu-nous-ecoute-t-il-quand-on-prie-2\/\" target=\"_blank\" title=\"Cliquer pour imprimer\"><span>Imprimer<\/span><\/a><\/li><li class=\"share-end\"><\/li><\/ul><\/div><\/div><\/div>","protected":false},"excerpt":{"rendered":"<p>Combien se posent la question\u00a0: \u00ab QUAND JE PRIE, DIEU M&rsquo;\u00c9COUTE-T-IL VRAIMENT ? \u00bb ou \u00ab\u00c9COUTE-T-IL NOS PRI\u00c8RES? \u00bb. Pour r\u00e9pondre \u00e0 la question, il faut comprendre la P\u00c9DAGOGIE\u00a0DIVINE. &nbsp; &nbsp; QUAND VOUS PRIEZ, consid\u00e9rez votre pri\u00e8re comme une graine que vous semez. \u00a0Il faut qu\u2019elle croisse. Quant \u00e0 savoir o\u00f9, quand, et comment tout [&hellip;]<\/p>\n<div class=\"sharedaddy sd-sharing-enabled\"><div class=\"robots-nocontent sd-block sd-social sd-social-icon-text sd-sharing\"><h3 class=\"sd-title\">Partager\u00a0:<\/h3><div class=\"sd-content\"><ul><li class=\"share-facebook\"><a rel=\"nofollow noopener noreferrer\" data-shared=\"sharing-facebook-2017\" class=\"share-facebook sd-button share-icon\" href=\"https:\/\/jeanpaulsimard.com\/index.php\/2015\/11\/07\/dieu-nous-ecoute-t-il-quand-on-prie-2\/?share=facebook\" target=\"_blank\" title=\"Cliquez pour partager sur Facebook\"><span>Facebook<\/span><\/a><\/li><li class=\"share-twitter\"><a rel=\"nofollow noopener noreferrer\" data-shared=\"sharing-twitter-2017\" class=\"share-twitter sd-button share-icon\" href=\"https:\/\/jeanpaulsimard.com\/index.php\/2015\/11\/07\/dieu-nous-ecoute-t-il-quand-on-prie-2\/?share=twitter\" target=\"_blank\" title=\"Cliquez pour partager sur Twitter\"><span>Twitter<\/span><\/a><\/li><li class=\"share-linkedin\"><a rel=\"nofollow noopener noreferrer\" data-shared=\"sharing-linkedin-2017\" class=\"share-linkedin sd-button share-icon\" href=\"https:\/\/jeanpaulsimard.com\/index.php\/2015\/11\/07\/dieu-nous-ecoute-t-il-quand-on-prie-2\/?share=linkedin\" target=\"_blank\" title=\"Cliquez pour partager sur LinkedIn\"><span>LinkedIn<\/span><\/a><\/li><li class=\"share-pinterest\"><a rel=\"nofollow noopener noreferrer\" data-shared=\"sharing-pinterest-2017\" class=\"share-pinterest sd-button share-icon\" href=\"https:\/\/jeanpaulsimard.com\/index.php\/2015\/11\/07\/dieu-nous-ecoute-t-il-quand-on-prie-2\/?share=pinterest\" target=\"_blank\" title=\"Cliquez pour partager sur Pinterest\"><span>Pinterest<\/span><\/a><\/li><li class=\"share-email\"><a rel=\"nofollow noopener noreferrer\" data-shared=\"\" class=\"share-email sd-button share-icon\" href=\"https:\/\/jeanpaulsimard.com\/index.php\/2015\/11\/07\/dieu-nous-ecoute-t-il-quand-on-prie-2\/?share=email\" target=\"_blank\" title=\"Cliquez pour envoyer par e-mail \u00e0 un ami\"><span>E-mail<\/span><\/a><\/li><li class=\"share-print\"><a rel=\"nofollow noopener noreferrer\" data-shared=\"\" class=\"share-print sd-button share-icon\" href=\"https:\/\/jeanpaulsimard.com\/index.php\/2015\/11\/07\/dieu-nous-ecoute-t-il-quand-on-prie-2\/\" target=\"_blank\" title=\"Cliquer pour imprimer\"><span>Imprimer<\/span><\/a><\/li><li class=\"share-end\"><\/li><\/ul><\/div><\/div><\/div>","protected":false},"author":3,"featured_media":0,"comment_status":"open","ping_status":"open","sticky":false,"template":"","format":"standard","meta":{"spay_email":"","jetpack_publicize_message":"","jetpack_is_tweetstorm":false},"categories":[24,60,55,56,59,58,20,52,25,48,65,64,47,61,53,57,46,54,63,43,44,27,51,62,2,49,45,50],"tags":[],"jetpack_featured_media_url":"","jetpack_publicize_connections":[],"jetpack_sharing_enabled":true,"jetpack_shortlink":"https:\/\/wp.me\/p6sIY6-wx","jetpack-related-posts":[{"id":2103,"url":"https:\/\/jeanpaulsimard.com\/index.php\/2015\/12\/05\/saviez-vous-que-nous-possedons-un-selfie-de-dieu\/","url_meta":{"origin":2017,"position":0},"title":"SAVIEZ-VOUS QUE NOUS POSS\u00c9DONS UN \u00abSELFIE\u00bb DE DIEU ?","date":"5 d\u00e9cembre 2015","format":false,"excerpt":"QUI EST DIEU ? On dit que LA QUESTION LA PLUS POS\u00c9E sur Google\u00a0est \u00ab QUI EST DIEU ? \u00bb Peut-on se faire UNE IMAGE DE DIEU ? Peut-on imaginer une forme quelconque de repr\u00e9sentation de Dieu ? Dieu personne ne l'a vu Certes, on ne peut obtenir UN PORTRAIT\u2026","rel":"","context":"Dans &quot;Actualit\u00e9&quot;","img":{"alt_text":"sixtine","src":"https:\/\/i1.wp.com\/jeanpaulsimard.com\/wp-content\/uploads\/2015\/12\/sixtine.jpg?resize=350%2C200","width":350,"height":200},"classes":[]},{"id":2432,"url":"https:\/\/jeanpaulsimard.com\/index.php\/2016\/01\/23\/dieu-sil-existe-ou-donc-se-cache-t-il-2\/","url_meta":{"origin":2017,"position":1},"title":"DIEU, S'IL EXISTE, O\u00d9 DONC SE CACHE-T-IL ?","date":"23 janvier 2016","format":false,"excerpt":"Beaucoup, \u00e0 notre \u00e9poque, se posent la question: O\u00d9 EST DIEU ? O\u00d9 SE CACHE-T-IL ? COMBIEN DE FOIS, dans \u00able torrent de la vie\u00bb, pour employer l\u2019expression de Boris Cyrulnik, ne cherchons-nous pas cette PUISSANCE SUP\u00c9RIEURE que l'on appelle famili\u00e8rement \u00abDieu\u00bb ? Cet \u00caTRE SUPR\u00caME vers lequel on se\u2026","rel":"","context":"Dans &quot;Actualit\u00e9&quot;","img":{"alt_text":"","src":"","width":0,"height":0},"classes":[]},{"id":1557,"url":"https:\/\/jeanpaulsimard.com\/index.php\/2015\/09\/27\/dieu-peut-il-nous-guerir-dune-maladie-2\/","url_meta":{"origin":2017,"position":2},"title":"DIEU PEUT-IL NOUS GU\u00c9RIR D'UNE MALADIE ?","date":"27 septembre 2015","format":false,"excerpt":"\u00a0COMMENT FAIRE APPEL \u00c0 LA PUISSANCE DIVINE POUR GU\u00c9RIR ? \u00a0IL FAUT D'ABORD ouvrir sa conscience \u00e0 L\u2019\u00c9NERGIE DIVINE. C'est alors que nous pouvons y d\u00e9couvrir UNE SOURCE DE GU\u00c9RISON PRODIGIEUSE. \u00a0POUR APPELER CETTE FORCE CURATIVE DIVINE, vous pouvez dire, selon la partie malade de votre corps: \u00abDieu cr\u00e9ateur, r\u00e9tablis\u2026","rel":"","context":"Dans &quot;Actualit\u00e9&quot;","img":{"alt_text":"colombe","src":"https:\/\/i2.wp.com\/jeanpaulsimard.com\/wp-content\/uploads\/2015\/07\/colombe3.png?resize=350%2C200","width":350,"height":200},"classes":[]},{"id":1983,"url":"https:\/\/jeanpaulsimard.com\/index.php\/2015\/10\/31\/spiritualite-et-guerison-voici-un-beau-temoignage\/","url_meta":{"origin":2017,"position":3},"title":"SPIRITUALIT\u00c9 ET GU\u00c9RISON ?... VOICI UN BEAU T\u00c9MOIGNAGE","date":"31 octobre 2015","format":false,"excerpt":"Voici le commentaire d'une th\u00e9rapeute form\u00e9e et d\u2019exp\u00e9rience. Son point de vue vaut la peine d'\u00eatre partag\u00e9. \u00a0 Elle m'\u00e9crit ceci\u00a0: Votre travail m'a remise en recherche. J\u2019ai \u00e9cout\u00e9 vos interventions vid\u00e9os et celle sur la trousse de secours spirituelle. J'ai donc r\u00e9fl\u00e9chi \u00e0 la foi dans mon accompagnement th\u00e9rapeutique.\u2026","rel":"","context":"Dans &quot;Actualit\u00e9&quot;","img":{"alt_text":"","src":"","width":0,"height":0},"classes":[]},{"id":3200,"url":"https:\/\/jeanpaulsimard.com\/index.php\/2016\/10\/30\/mon-pari-sur-dieu\/","url_meta":{"origin":2017,"position":4},"title":"\u00abMON PARI SUR DIEU\u00bb","date":"30 octobre 2016","format":false,"excerpt":"A Pour lire l'article, cliquez ici : http:\/\/jeanpaulsimard.com\/wp-content\/uploads\/2016\/10\/VIVRE-DOSSIER-SUR-DIEU-ilovepdf-compressed.pdf\u00a0 (Article paru dans le magazine\u00a0VIVRE) POUR ALLER PLUS LOIN : Lisez une proposition de Dieu qui ne vous laissera pas indiff\u00e9rent...\u00a0 http:\/\/jeanpaulsimard.com\/index.php\/sample-page\/renouer-avec-dieu\/ MON PARI SUR DIEU LE \u00a0C\u00c9L\u00c8BRE professeur de psychiatrie, David Servan-Schreiber, maintenant d\u00e9c\u00e9d\u00e9, donna un jour ce t\u00e9moignage: \u00ab\u00c0 15\u2026","rel":"","context":"Dans &quot;Actualit\u00e9&quot;","img":{"alt_text":"","src":"https:\/\/i1.wp.com\/jeanpaulsimard.com\/wp-content\/uploads\/2015\/12\/sixtine.jpg?resize=350%2C200","width":350,"height":200},"classes":[]},{"id":1059,"url":"https:\/\/jeanpaulsimard.com\/index.php\/2015\/08\/16\/comment-prier-voici-une-priere-universelle\/","url_meta":{"origin":2017,"position":5},"title":"Comment prier ? Voici une pri\u00e8re universelle","date":"16 ao\u00fbt 2015","format":false,"excerpt":"COMMENT PRIER ? MA FA\u00c7ON DE PRIER est relativement simple. Elle s'inspire de la m\u00e9thode du c\u00e9l\u00e8bre moine b\u00e9n\u00e9dictin, John Main, d\u00e9c\u00e9d\u00e9 en 1982. D\u00e9sireux d'apporter une r\u00e9ponse pratique \u00e0 la qu\u00eate spirituelle de ses contemporains, il proposa une forme de pri\u00e8re simple, d\u00e9pouill\u00e9e, silencieuse, accessible \u00e0 toute personne et\u2026","rel":"","context":"Dans &quot;Actualit\u00e9&quot;","img":{"alt_text":"","src":"https:\/\/i1.wp.com\/jeanpaulsimard.com\/wp-content\/uploads\/2015\/08\/images-24.jpg?resize=350%2C200","width":350,"height":200},"classes":[]}],"_links":{"self":[{"href":"https:\/\/jeanpaulsimard.com\/index.php\/wp-json\/wp\/v2\/posts\/2017"}],"collection":[{"href":"https:\/\/jeanpaulsimard.com\/index.php\/wp-json\/wp\/v2\/posts"}],"about":[{"href":"https:\/\/jeanpaulsimard.com\/index.php\/wp-json\/wp\/v2\/types\/post"}],"author":[{"embeddable":true,"href":"https:\/\/jeanpaulsimard.com\/index.php\/wp-json\/wp\/v2\/users\/3"}],"replies":[{"embeddable":true,"href":"https:\/\/jeanpaulsimard.com\/index.php\/wp-json\/wp\/v2\/comments?post=2017"}],"version-history":[{"count":45,"href":"https:\/\/jeanpaulsimard.com\/index.php\/wp-json\/wp\/v2\/posts\/2017\/revisions"}],"predecessor-version":[{"id":3181,"href":"https:\/\/jeanpaulsimard.com\/index.php\/wp-json\/wp\/v2\/posts\/2017\/revisions\/3181"}],"wp:attachment":[{"href":"https:\/\/jeanpaulsimard.com\/index.php\/wp-json\/wp\/v2\/media?parent=2017"}],"wp:term":[{"taxonomy":"category","embeddable":true,"href":"https:\/\/jeanpaulsimard.com\/index.php\/wp-json\/wp\/v2\/categories?post=2017"},{"taxonomy":"post_tag","embeddable":true,"href":"https:\/\/jeanpaulsimard.com\/index.php\/wp-json\/wp\/v2\/tags?post=2017"}],"curies":[{"name":"wp","href":"https:\/\/api.w.org\/{rel}","templated":true}]}}