{"id":1013,"date":"2015-08-12T10:31:49","date_gmt":"2015-08-12T14:31:49","guid":{"rendered":"http:\/\/jeanpaulsimard.com\/?p=1013"},"modified":"2017-08-12T10:45:20","modified_gmt":"2017-08-12T14:45:20","slug":"hommage-a-une-figure-attachante-de-leglise-labbe-raymond-gravel","status":"publish","type":"post","link":"https:\/\/jeanpaulsimard.com\/index.php\/2015\/08\/12\/hommage-a-une-figure-attachante-de-leglise-labbe-raymond-gravel\/","title":{"rendered":"Hommage \u00e0 une figure attachante de l&rsquo;\u00c9glise (l&rsquo;abb\u00e9 Raymond Gravel)"},"content":{"rendered":"<h2 style=\"text-align: justify;\"><span style=\"color: #99ccff;\"><strong><span style=\"color: #00ffff;\"><a href=\"https:\/\/i1.wp.com\/jeanpaulsimard.com\/wp-content\/uploads\/2015\/08\/Abb\u00e9-Raymond-Gravel-310x206-1.jpg\" rel=\"attachment wp-att-2678\"><img loading=\"lazy\" class=\"size-full wp-image-2678 alignleft\" src=\"https:\/\/i1.wp.com\/jeanpaulsimard.com\/wp-content\/uploads\/2015\/08\/Abb\u00e9-Raymond-Gravel-310x206-1.jpg?resize=310%2C206\" alt=\"Abb\u00e9 Raymond Gravel 310x206\" width=\"310\" height=\"206\" srcset=\"https:\/\/i1.wp.com\/jeanpaulsimard.com\/wp-content\/uploads\/2015\/08\/Abb\u00e9-Raymond-Gravel-310x206-1.jpg?w=310&amp;ssl=1 310w, https:\/\/i1.wp.com\/jeanpaulsimard.com\/wp-content\/uploads\/2015\/08\/Abb\u00e9-Raymond-Gravel-310x206-1.jpg?resize=300%2C199&amp;ssl=1 300w, https:\/\/i1.wp.com\/jeanpaulsimard.com\/wp-content\/uploads\/2015\/08\/Abb\u00e9-Raymond-Gravel-310x206-1.jpg?resize=2%2C1&amp;ssl=1 2w\" sizes=\"(max-width: 310px) 100vw, 310px\" data-recalc-dims=\"1\" \/><\/a>Hommage \u00e0 une figure attachante de l\u2019\u00c9glise<\/span><br \/>\n(<\/strong><strong>Le Quotidien, ce 19 ao\u00fbt 2014<br \/>\n<\/strong><strong>par Jean-Paul Simard, \u00e9crivain et th\u00e9ologien)<\/strong><\/span><\/h2>\n<p>&nbsp;<\/p>\n<hr \/>\n<h3 style=\"text-align: justify;\"><\/h3>\n<h2 style=\"text-align: justify;\"><span style=\"color: #99ccff;\"><strong>L\u2019ABB\u00c9 RAYMOND GRAVEL, UN SACR\u00c9 CUR\u00c9\u2026<br \/>\n<\/strong><strong style=\"color: #00ccff;\">T\u00e9l\u00e9-Qu\u00e9bec soulignera cette semaine le premier anniversaire du d\u00e9c\u00e8s du bien-aim\u00e9 homme de foi en pr\u00e9sentant le documentaire du <strong>r\u00e9alisateur Patrick Brunette, intitul\u00e9 <\/strong><em>Raymond Gravel, un sacr\u00e9 cur\u00e9<\/em><strong>. \u00abJ\u2019aimais le double sens, d\u00e9clare le cin\u00e9aste au<\/strong>\u00a0<em>Journal<\/em><strong>. C\u2019est souriant, un peu cinglant&#8230; \u00c0 son image&#8230;\u00bb<\/strong>.<\/strong>\u00a0<\/span><strong style=\"color: #00ccff;\"><span style=\"color: #99ccff;\">L\u2019abb\u00e9 Raymond Gravel n\u2019avait peur de rien.<\/span><br \/>\n<\/strong><span style=\"color: #99ccff;\"><strong>Dans cette optique, je vous invite \u00e0 lire le t\u00e9moignage ci-dessous\u00a0que j&rsquo;ai d\u00e9j\u00e0 \u00e9crit pour un journal.\u00a0<\/strong><\/span><\/h2>\n<hr \/>\n<h2 style=\"text-align: justify;\">\u00a0<span style=\"color: #99ccff;\">L\u2019abb\u00e9 Raymond Gravel, qui a marqu\u00e9 le paysage religieux et social qu\u00e9b\u00e9cois, n&rsquo;est plus. Sa m\u00e9moire cependant demeure, t\u00e9moignant de l&rsquo;existence de l\u2019humanisme chr\u00e9tien. Comment mieux parler de cet homme d&rsquo;\u00c9glise qu&rsquo;en disant qu&rsquo;il avait le physique de l&#8217;emploi\u00a0: une figure de pasteur taill\u00e9e sur mesure, accueillante, attachante, sympathique, ne refl\u00e9tant aucun dogmatisme ou autoritarisme religieux. Si je voulais une repr\u00e9sentation de J\u00e9sus sur terre c\u2019est \u00e0 la personne m\u00eame de Raymond Gravel que je songerais spontan\u00e9ment. Pour sa ressemblance physique avec le Christ? Peut-\u00eatre, mais surtout morale, lui qui acceptait inconditionnellement toute personne sans aucun jugement d\u00e9finitif. Son action pastorale en t\u00e9moignait. Raymond Gravel, c&rsquo;\u00e9tait le baume sur la plaie. Son message \u00e9tait le suivant\u00a0: peu importe que vous viviez en rapport ou non avec l\u2019\u00c9glise, courage! Ne d\u00e9sesp\u00e9rez pas. M\u00eame si vous \u00eates divorc\u00e9s, Dieu est l\u00e0. M\u00eame si vous avez avort\u00e9, Dieu est l\u00e0. M\u00eame si vous \u00eates homosexuels, Dieu est pr\u00e9sent dans votre amour partag\u00e9. Raymond Gravel, c&rsquo;\u00e9tait la lumi\u00e8re des gens perdus dans la nuit de la vie. C&rsquo;\u00e9tait la remise en question d\u2019une certaine religion qui impose, rejette et exclut. Il nous a transmis les valeurs d\u2019un amour \u00e9vang\u00e9lique v\u00e9cu dans les r\u00e9alit\u00e9s changeantes de la vie. Il repr\u00e9sentait l&rsquo;arrachement \u00e0 la pesanteur dogmatique de la croyance, \u00e0 ces exigences de fid\u00e9lit\u00e9s inhabitables responsables de tant de naufrag\u00e9s de l\u2019\u00c9glise, dans ces moments o\u00f9 l&rsquo;\u00eatre humain finit par d\u00e9crocher. Aussi apparaissait-il dans l&rsquo;imaginaire qu\u00e9b\u00e9cois comme l\u2019image id\u00e9ale de l\u2019\u00c9glise. Des personnes de tout horizon, de tout m\u00e9tier, de toute all\u00e9geance politique ou religieuse se reconnaissaient spontan\u00e9ment en lui. Pour beaucoup, l\u2019\u00c9glise du Qu\u00e9bec c&rsquo;\u00e9tait Raymond Gravel. \u00a0<\/span><\/h2>\n<h2 style=\"text-align: justify;\"><span style=\"color: #99ccff;\">Malgr\u00e9 cela \u2500 et peut-\u00eatre m\u00eame \u00e0 cause de cela \u2500, il \u00e9tait devenu la b\u00eate noire de l\u2019\u00c9glise, celle d&rsquo;ici et celle de Rome, qui l\u2019a rappel\u00e9 \u00e0 l&rsquo;ordre en termes non \u00e9quivoques pour ses prises de position trop lib\u00e9rales. Je ne veux pas me substituer au jugement de l\u2019\u00c9glise, mais simplement rappeler que Raymond Gravel savait, par contre, maintenir en action les signes vitaux de la religion, c&rsquo;est-\u00e0-dire celle qui a le plus de chance d&rsquo;attirer les fid\u00e8les. Pour cette raison, nous aurions encore eu longtemps besoin de sa pr\u00e9sence. Malheureusement, il nous a quitt\u00e9s trop t\u00f4t. Mais son \u00e9toile n&rsquo;est pas pr\u00e8s de s&rsquo;\u00e9teindre au firmament. Puisse-t-elle \u00eatre une source d&rsquo;inspiration pour de nombreux jeunes gens attir\u00e9s par la pr\u00eatrise, une esp\u00e8ce n\u00e9cessaire mais en voie d&rsquo;extinction. Puisse-t-elle aussi guider, comme pour les mages de l\u2019\u00c9vangile, tous ceux et celles qui sont en qu\u00eate de signes r\u00e9v\u00e9lateurs de l&rsquo;invisible. C\u2019est dans cet esprit que je dis au grand pasteur que fut Raymond Gravel\u00a0: \u00abMerci pour ta pr\u00e9sence chaleureuse et ta f\u00e9conde action pastorale.\u00bb<\/span><\/h2>\n<p>&nbsp;<\/p>\n<hr \/>\n<h3 style=\"text-align: justify;\"><\/h3>\n<h3><a href=\"http:\/\/jeanpaulsimard.com\/index.php\/sample-page\/renouer-avec-dieu\/\"><span style=\"color: #ff9900;\"><em>http:\/\/jeanpaulsimard.com\/index.php\/sample-page\/renouer-avec-dieu\/<\/em><\/span><\/a><\/h3>\n<h3><span style=\"color: #ffcc00;\"><strong>Suivez-moi sur TWITTER\u00a0: @jeanpaulsim<\/strong><\/span><\/h3>\n<h3><span style=\"color: #ffcc00;\"><strong><em>Cet article vous a plu ? Abonnez-vous \u00e0 mon BLOGUE\u2026 et au besoin partagez-le\u2026<br \/>\n<\/em><\/strong><strong>(Abonnez-vous au bas de la page en laissant votre adresse courriel\u2026)<\/strong><\/span><\/h3>\n<div class=\"sharedaddy sd-sharing-enabled\"><div class=\"robots-nocontent sd-block sd-social sd-social-icon-text sd-sharing\"><h3 class=\"sd-title\">Partager\u00a0:<\/h3><div class=\"sd-content\"><ul><li class=\"share-facebook\"><a rel=\"nofollow noopener noreferrer\" data-shared=\"sharing-facebook-1013\" class=\"share-facebook sd-button share-icon\" href=\"https:\/\/jeanpaulsimard.com\/index.php\/2015\/08\/12\/hommage-a-une-figure-attachante-de-leglise-labbe-raymond-gravel\/?share=facebook\" target=\"_blank\" title=\"Cliquez pour partager sur Facebook\"><span>Facebook<\/span><\/a><\/li><li class=\"share-twitter\"><a rel=\"nofollow noopener noreferrer\" data-shared=\"sharing-twitter-1013\" class=\"share-twitter sd-button share-icon\" href=\"https:\/\/jeanpaulsimard.com\/index.php\/2015\/08\/12\/hommage-a-une-figure-attachante-de-leglise-labbe-raymond-gravel\/?share=twitter\" target=\"_blank\" title=\"Cliquez pour partager sur Twitter\"><span>Twitter<\/span><\/a><\/li><li class=\"share-linkedin\"><a rel=\"nofollow noopener noreferrer\" data-shared=\"sharing-linkedin-1013\" class=\"share-linkedin sd-button share-icon\" href=\"https:\/\/jeanpaulsimard.com\/index.php\/2015\/08\/12\/hommage-a-une-figure-attachante-de-leglise-labbe-raymond-gravel\/?share=linkedin\" target=\"_blank\" title=\"Cliquez pour partager sur LinkedIn\"><span>LinkedIn<\/span><\/a><\/li><li class=\"share-pinterest\"><a rel=\"nofollow noopener noreferrer\" data-shared=\"sharing-pinterest-1013\" class=\"share-pinterest sd-button share-icon\" href=\"https:\/\/jeanpaulsimard.com\/index.php\/2015\/08\/12\/hommage-a-une-figure-attachante-de-leglise-labbe-raymond-gravel\/?share=pinterest\" target=\"_blank\" title=\"Cliquez pour partager sur Pinterest\"><span>Pinterest<\/span><\/a><\/li><li class=\"share-email\"><a rel=\"nofollow noopener noreferrer\" data-shared=\"\" class=\"share-email sd-button share-icon\" href=\"https:\/\/jeanpaulsimard.com\/index.php\/2015\/08\/12\/hommage-a-une-figure-attachante-de-leglise-labbe-raymond-gravel\/?share=email\" target=\"_blank\" title=\"Cliquez pour envoyer par e-mail \u00e0 un ami\"><span>E-mail<\/span><\/a><\/li><li class=\"share-print\"><a rel=\"nofollow noopener noreferrer\" data-shared=\"\" class=\"share-print sd-button share-icon\" href=\"https:\/\/jeanpaulsimard.com\/index.php\/2015\/08\/12\/hommage-a-une-figure-attachante-de-leglise-labbe-raymond-gravel\/\" target=\"_blank\" title=\"Cliquer pour imprimer\"><span>Imprimer<\/span><\/a><\/li><li class=\"share-end\"><\/li><\/ul><\/div><\/div><\/div>","protected":false},"excerpt":{"rendered":"<p>Hommage \u00e0 une figure attachante de l\u2019\u00c9glise (Le Quotidien, ce 19 ao\u00fbt 2014 par Jean-Paul Simard, \u00e9crivain et th\u00e9ologien) &nbsp; L\u2019ABB\u00c9 RAYMOND GRAVEL, UN SACR\u00c9 CUR\u00c9\u2026 T\u00e9l\u00e9-Qu\u00e9bec soulignera cette semaine le premier anniversaire du d\u00e9c\u00e8s du bien-aim\u00e9 homme de foi en pr\u00e9sentant le documentaire du r\u00e9alisateur Patrick Brunette, intitul\u00e9 Raymond Gravel, un sacr\u00e9 cur\u00e9. \u00abJ\u2019aimais [&hellip;]<\/p>\n<div class=\"sharedaddy sd-sharing-enabled\"><div class=\"robots-nocontent sd-block sd-social sd-social-icon-text sd-sharing\"><h3 class=\"sd-title\">Partager\u00a0:<\/h3><div class=\"sd-content\"><ul><li class=\"share-facebook\"><a rel=\"nofollow noopener noreferrer\" data-shared=\"sharing-facebook-1013\" class=\"share-facebook sd-button share-icon\" href=\"https:\/\/jeanpaulsimard.com\/index.php\/2015\/08\/12\/hommage-a-une-figure-attachante-de-leglise-labbe-raymond-gravel\/?share=facebook\" target=\"_blank\" title=\"Cliquez pour partager sur Facebook\"><span>Facebook<\/span><\/a><\/li><li class=\"share-twitter\"><a rel=\"nofollow noopener noreferrer\" data-shared=\"sharing-twitter-1013\" class=\"share-twitter sd-button share-icon\" href=\"https:\/\/jeanpaulsimard.com\/index.php\/2015\/08\/12\/hommage-a-une-figure-attachante-de-leglise-labbe-raymond-gravel\/?share=twitter\" target=\"_blank\" title=\"Cliquez pour partager sur Twitter\"><span>Twitter<\/span><\/a><\/li><li class=\"share-linkedin\"><a rel=\"nofollow noopener noreferrer\" data-shared=\"sharing-linkedin-1013\" class=\"share-linkedin sd-button share-icon\" href=\"https:\/\/jeanpaulsimard.com\/index.php\/2015\/08\/12\/hommage-a-une-figure-attachante-de-leglise-labbe-raymond-gravel\/?share=linkedin\" target=\"_blank\" title=\"Cliquez pour partager sur LinkedIn\"><span>LinkedIn<\/span><\/a><\/li><li class=\"share-pinterest\"><a rel=\"nofollow noopener noreferrer\" data-shared=\"sharing-pinterest-1013\" class=\"share-pinterest sd-button share-icon\" href=\"https:\/\/jeanpaulsimard.com\/index.php\/2015\/08\/12\/hommage-a-une-figure-attachante-de-leglise-labbe-raymond-gravel\/?share=pinterest\" target=\"_blank\" title=\"Cliquez pour partager sur Pinterest\"><span>Pinterest<\/span><\/a><\/li><li class=\"share-email\"><a rel=\"nofollow noopener noreferrer\" data-shared=\"\" class=\"share-email sd-button share-icon\" href=\"https:\/\/jeanpaulsimard.com\/index.php\/2015\/08\/12\/hommage-a-une-figure-attachante-de-leglise-labbe-raymond-gravel\/?share=email\" target=\"_blank\" title=\"Cliquez pour envoyer par e-mail \u00e0 un ami\"><span>E-mail<\/span><\/a><\/li><li class=\"share-print\"><a rel=\"nofollow noopener noreferrer\" data-shared=\"\" class=\"share-print sd-button share-icon\" href=\"https:\/\/jeanpaulsimard.com\/index.php\/2015\/08\/12\/hommage-a-une-figure-attachante-de-leglise-labbe-raymond-gravel\/\" target=\"_blank\" title=\"Cliquer pour imprimer\"><span>Imprimer<\/span><\/a><\/li><li class=\"share-end\"><\/li><\/ul><\/div><\/div><\/div>","protected":false},"author":3,"featured_media":0,"comment_status":"open","ping_status":"open","sticky":false,"template":"","format":"standard","meta":{"spay_email":"","jetpack_publicize_message":"","jetpack_is_tweetstorm":false},"categories":[24],"tags":[],"jetpack_featured_media_url":"","jetpack_publicize_connections":[],"jetpack_sharing_enabled":true,"jetpack_shortlink":"https:\/\/wp.me\/p6sIY6-gl","jetpack-related-posts":[{"id":256,"url":"https:\/\/jeanpaulsimard.com\/index.php\/2015\/07\/15\/riviere-eternite\/","url_meta":{"origin":1013,"position":0},"title":"Rivi\u00e8re-\u00c9ternit\u00e9","date":"15 juillet 2015","format":false,"excerpt":"Mus\u00e9e \u00a0exceptionnel \u00a0des \u00a0richesses \u00a0du \u00a0Fjord, Offrant nature, accueil, croisi\u00e8res et randonn\u00e9es, Baie myst\u00e9rieuse o\u00f9 s\u2019ench\u00e2ssent les tr\u00e9sors, Ainsi\u00a0 se \u00a0\u00a0pr\u00e9sente\u00a0\u00a0 Rivi\u00e8re-\u00c9ternit\u00e9. Sa \u00a0toponymie \u00a0aux \u00a0vocables \u00a0religieux, Le profil \u00a0ascensionnel \u00a0de son paysage, Le sentiment mystique \u00e9manant de ce lieu Disposent \u00e0 la symbolique de son langage. Caps \u00c9ternit\u00e9 et\u2026","rel":"","context":"Dans &quot;Actualit\u00e9&quot;","img":{"alt_text":"","src":"","width":0,"height":0},"classes":[]},{"id":258,"url":"https:\/\/jeanpaulsimard.com\/index.php\/2015\/07\/15\/lanse-saint-jean\/","url_meta":{"origin":1013,"position":1},"title":"L'Anse-Saint-Jean","date":"15 juillet 2015","format":false,"excerpt":"HOMMAGE \u00c0 L'ANSE-SAINT-JEAN\u00a0 (Village pittoresque sur la route du Fjord) Anse-Saint-Jean, \u00a0village \u00a0pittoresque, Serti dans le creux lov\u00e9 des montagnes, Tu brilles \u00e0 l\u2019horizon comme une fresque O\u00f9\u00a0 se\u00a0 marient nature\u00a0 et\u00a0 patrimoine. Reconnu comme l\u2019un des plus beaux villages*, Tu \u00a0\u00e9veilles\u00a0 en \u00a0nous \u00a0la \u00a0mythique \u00a0image De\u00a0 la\u00a0\u00a0 \u00a0Beaut\u00e9\u00a0\u00a0\u2026","rel":"","context":"Dans &quot;Contemplation&quot;","img":{"alt_text":"anse_saint_jean_bas_3","src":"https:\/\/i1.wp.com\/jeanpaulsimard.com\/wp-content\/uploads\/2015\/07\/anse_saint_jean_bas_3.jpg?resize=350%2C200","width":350,"height":200},"classes":[]},{"id":247,"url":"https:\/\/jeanpaulsimard.com\/index.php\/2015\/07\/15\/le-fjord-du-saguenay-le-parc-marin\/","url_meta":{"origin":1013,"position":2},"title":"Le Fjord du Saguenay (le parc marin)","date":"15 juillet 2015","format":false,"excerpt":"\u00a0 \u00a0 \u00a0 \u00a0 \u00a0 \u00a0 \u00a0 \u00a0 \u00a0HOMMAGE \u00c0 MON FJORD \u00a0 \u00a0 \u00a0 \u00a0 \u00a0 \u00a0 \u00a0 \u00a0 (Parc marin du Saguenay) Quand, sur la Marjolaine, \u00e0 l\u2019\u00e9t\u00e9 des croisi\u00e8res, Je\u00a0 vogue\u00a0 sur\u00a0 les eaux\u00a0 de\u00a0 la rivi\u00e8re Saguenay, La vue du Fjord dans sa beaut\u00e9 sauvage et\u2026","rel":"","context":"Dans &quot;Actualit\u00e9&quot;","img":{"alt_text":"","src":"","width":0,"height":0},"classes":[]},{"id":1197,"url":"https:\/\/jeanpaulsimard.com\/index.php\/2015\/09\/14\/la-sagesse-du-vingt-quatre-heures-a-la-fois\/","url_meta":{"origin":1013,"position":3},"title":"LA SAGESSE DU VINGT-QUATRE-HEURES \u00c0 LA FOIS","date":"14 septembre 2015","format":false,"excerpt":"CARPE DIEM Pourquoi cherches-tu l'impossible en voulant \u00e0 tout prix conna\u00eetre d'avance ce que la vie nous r\u00e9serve \u00e0 toi et \u00e0 moi ? Quoi qu'il puisse nous arriver, la sagesse n'est-elle pas de nous soumettre chacun \u00e0 notre sort ? Que la vie te r\u00e9serve encore bien des hivers\u2026","rel":"","context":"Dans &quot;Actualit\u00e9&quot;","img":{"alt_text":"L\u00c3\u00a2chez prise","src":"https:\/\/i2.wp.com\/jeanpaulsimard.com\/wp-content\/uploads\/2015\/09\/L\u00c3\u00a2chez-prise.jpg?resize=350%2C200","width":350,"height":200},"classes":[]},{"id":3200,"url":"https:\/\/jeanpaulsimard.com\/index.php\/2016\/10\/30\/mon-pari-sur-dieu\/","url_meta":{"origin":1013,"position":4},"title":"\u00abMON PARI SUR DIEU\u00bb","date":"30 octobre 2016","format":false,"excerpt":"A Pour lire l'article, cliquez ici : http:\/\/jeanpaulsimard.com\/wp-content\/uploads\/2016\/10\/VIVRE-DOSSIER-SUR-DIEU-ilovepdf-compressed.pdf\u00a0 (Article paru dans le magazine\u00a0VIVRE) POUR ALLER PLUS LOIN : Lisez une proposition de Dieu qui ne vous laissera pas indiff\u00e9rent...\u00a0 http:\/\/jeanpaulsimard.com\/index.php\/sample-page\/renouer-avec-dieu\/ MON PARI SUR DIEU LE \u00a0C\u00c9L\u00c8BRE professeur de psychiatrie, David Servan-Schreiber, maintenant d\u00e9c\u00e9d\u00e9, donna un jour ce t\u00e9moignage: \u00ab\u00c0 15\u2026","rel":"","context":"Dans &quot;Actualit\u00e9&quot;","img":{"alt_text":"","src":"https:\/\/i1.wp.com\/jeanpaulsimard.com\/wp-content\/uploads\/2015\/12\/sixtine.jpg?resize=350%2C200","width":350,"height":200},"classes":[]},{"id":2432,"url":"https:\/\/jeanpaulsimard.com\/index.php\/2016\/01\/23\/dieu-sil-existe-ou-donc-se-cache-t-il-2\/","url_meta":{"origin":1013,"position":5},"title":"DIEU, S'IL EXISTE, O\u00d9 DONC SE CACHE-T-IL ?","date":"23 janvier 2016","format":false,"excerpt":"Beaucoup, \u00e0 notre \u00e9poque, se posent la question: O\u00d9 EST DIEU ? O\u00d9 SE CACHE-T-IL ? COMBIEN DE FOIS, dans \u00able torrent de la vie\u00bb, pour employer l\u2019expression de Boris Cyrulnik, ne cherchons-nous pas cette PUISSANCE SUP\u00c9RIEURE que l'on appelle famili\u00e8rement \u00abDieu\u00bb ? Cet \u00caTRE SUPR\u00caME vers lequel on se\u2026","rel":"","context":"Dans &quot;Actualit\u00e9&quot;","img":{"alt_text":"","src":"","width":0,"height":0},"classes":[]}],"_links":{"self":[{"href":"https:\/\/jeanpaulsimard.com\/index.php\/wp-json\/wp\/v2\/posts\/1013"}],"collection":[{"href":"https:\/\/jeanpaulsimard.com\/index.php\/wp-json\/wp\/v2\/posts"}],"about":[{"href":"https:\/\/jeanpaulsimard.com\/index.php\/wp-json\/wp\/v2\/types\/post"}],"author":[{"embeddable":true,"href":"https:\/\/jeanpaulsimard.com\/index.php\/wp-json\/wp\/v2\/users\/3"}],"replies":[{"embeddable":true,"href":"https:\/\/jeanpaulsimard.com\/index.php\/wp-json\/wp\/v2\/comments?post=1013"}],"version-history":[{"count":25,"href":"https:\/\/jeanpaulsimard.com\/index.php\/wp-json\/wp\/v2\/posts\/1013\/revisions"}],"predecessor-version":[{"id":3497,"href":"https:\/\/jeanpaulsimard.com\/index.php\/wp-json\/wp\/v2\/posts\/1013\/revisions\/3497"}],"wp:attachment":[{"href":"https:\/\/jeanpaulsimard.com\/index.php\/wp-json\/wp\/v2\/media?parent=1013"}],"wp:term":[{"taxonomy":"category","embeddable":true,"href":"https:\/\/jeanpaulsimard.com\/index.php\/wp-json\/wp\/v2\/categories?post=1013"},{"taxonomy":"post_tag","embeddable":true,"href":"https:\/\/jeanpaulsimard.com\/index.php\/wp-json\/wp\/v2\/tags?post=1013"}],"curies":[{"name":"wp","href":"https:\/\/api.w.org\/{rel}","templated":true}]}}